{"id":1174,"date":"2018-09-24T08:31:04","date_gmt":"2018-09-24T07:31:04","guid":{"rendered":"http:\/\/www.breitschuh-singt-brel.de\/?p=1174"},"modified":"2018-09-24T08:32:25","modified_gmt":"2018-09-24T07:32:25","slug":"auf-und-ab-im-oktober","status":"publish","type":"post","link":"http:\/\/www.breitschuh-singt-brel.de\/?p=1174","title":{"rendered":"Auf und ab im Oktober"},"content":{"rendered":"<p>Liebe Freundinnen und Freunde des gepflegten Chansons,<\/p>\n<p>trefflich haben uns die Septembertermine eingestimmt auf die anstehende Herbsttour. Einer sp\u00e4tsommerlichen Kreativnacht im Caf\u00e9 du Port folgte unser Gro\u00dfes Hamburger Herbstkonzert in der Kulturkirche Altona.<\/p>\n<p><a href=\"http:\/\/www.breitschuh-singt-brel.de\/wp-content\/uploads\/2018\/09\/kulturkirchetv.jpg\"><img loading=\"lazy\" decoding=\"async\" src=\"http:\/\/www.breitschuh-singt-brel.de\/wp-content\/uploads\/2018\/09\/kulturkirchetv-600x354.jpg\" alt=\"kulturkirchetv\" width=\"600\" height=\"354\" class=\"aligncenter size-medium wp-image-1180\" srcset=\"http:\/\/www.breitschuh-singt-brel.de\/wp-content\/uploads\/2018\/09\/kulturkirchetv-600x354.jpg 600w, http:\/\/www.breitschuh-singt-brel.de\/wp-content\/uploads\/2018\/09\/kulturkirchetv-1024x604.jpg 1024w, http:\/\/www.breitschuh-singt-brel.de\/wp-content\/uploads\/2018\/09\/kulturkirchetv.jpg 1531w\" sizes=\"auto, (max-width: 600px) 100vw, 600px\" \/><\/a><br \/>\n<a href=\"https:\/\/www.facebook.com\/claudia.lobenberg\/videos\/560904217656488\/UzpfSTI4MzE1OTY0MTc1NjE2NzoyMTk5OTMyNzc2NzQ1NTAx\/\">https:\/\/www.facebook.com\/claudia.lobenberg\/videos\/560904217656488\/UzpfSTI4MzE1OTY0MTc1NjE2NzoyMTk5OTMyNzc2NzQ1NTAx\/<\/a><br \/>\n<em>Trotz schwieriger Akustik ein feines Konzert mit gro\u00dfartigem Publikum: Breitschuh singt Brel in der Kulturkirche Altona.<\/em><\/p>\n<p>Die St\u00fchle waren wohl besetzt, das Publikum begeistert und gespr\u00e4chsfreudig. Tontechniker J\u00fcrgen rang wacker mit der sakralen Akustik, die der Textverst\u00e4ndlichkeit nicht eben zutr\u00e4glich war (siehe Video). Unser Dank geh\u00f6rt vor allem der lieben Claudia Lobenberg, die dieses Konzert m\u00f6glich gemacht hat.<\/p>\n<p><a href=\"http:\/\/www.breitschuh-singt-brel.de\/wp-content\/uploads\/2018\/09\/henne1804.jpg\"><img loading=\"lazy\" decoding=\"async\" src=\"http:\/\/www.breitschuh-singt-brel.de\/wp-content\/uploads\/2018\/09\/henne1804-600x450.jpg\" alt=\"henne1804\" width=\"600\" height=\"450\" class=\"aligncenter size-medium wp-image-1175\" srcset=\"http:\/\/www.breitschuh-singt-brel.de\/wp-content\/uploads\/2018\/09\/henne1804-600x450.jpg 600w, http:\/\/www.breitschuh-singt-brel.de\/wp-content\/uploads\/2018\/09\/henne1804-1024x768.jpg 1024w, http:\/\/www.breitschuh-singt-brel.de\/wp-content\/uploads\/2018\/09\/henne1804.jpg 2040w\" sizes=\"auto, (max-width: 600px) 100vw, 600px\" \/><\/a><\/p>\n<p>Weiter ging es mit einem Doppelkonzert auf\u00a0Burg Henneberg, dem verwunschenen wilhelminischen Garden Folly an den Gestaden der Alster. Zum dritten Mal begr\u00fc\u00dfte uns Stiftungleiter Helge Hager, zum dritten Mal war der Rittersaal mit aufmerksamen Zuh\u00f6rern gef\u00fcllt, die uns anschlie\u00dfend eifrig Tontr\u00e4ger signieren lie\u00dfen. Es war ein Fest! Vielen Dank an Helge und alle, die da waren!<br \/>\nHier noch einige Impressionen.<\/p>\n<p><a href=\"http:\/\/www.breitschuh-singt-brel.de\/wp-content\/uploads\/2018\/09\/henne1801.jpg\"><img loading=\"lazy\" decoding=\"async\" src=\"http:\/\/www.breitschuh-singt-brel.de\/wp-content\/uploads\/2018\/09\/henne1801-600x450.jpg\" alt=\"henne1801\" width=\"600\" height=\"450\" class=\"aligncenter size-medium wp-image-1176\" srcset=\"http:\/\/www.breitschuh-singt-brel.de\/wp-content\/uploads\/2018\/09\/henne1801-600x450.jpg 600w, http:\/\/www.breitschuh-singt-brel.de\/wp-content\/uploads\/2018\/09\/henne1801-1024x768.jpg 1024w, http:\/\/www.breitschuh-singt-brel.de\/wp-content\/uploads\/2018\/09\/henne1801.jpg 2040w\" sizes=\"auto, (max-width: 600px) 100vw, 600px\" \/><\/a><\/p>\n<p><a href=\"http:\/\/www.breitschuh-singt-brel.de\/wp-content\/uploads\/2018\/09\/henne1803.jpg\"><img loading=\"lazy\" decoding=\"async\" src=\"http:\/\/www.breitschuh-singt-brel.de\/wp-content\/uploads\/2018\/09\/henne1803-600x450.jpg\" alt=\"henne1803\" width=\"600\" height=\"450\" class=\"aligncenter size-medium wp-image-1177\" srcset=\"http:\/\/www.breitschuh-singt-brel.de\/wp-content\/uploads\/2018\/09\/henne1803-600x450.jpg 600w, http:\/\/www.breitschuh-singt-brel.de\/wp-content\/uploads\/2018\/09\/henne1803-1024x768.jpg 1024w, http:\/\/www.breitschuh-singt-brel.de\/wp-content\/uploads\/2018\/09\/henne1803.jpg 2040w\" sizes=\"auto, (max-width: 600px) 100vw, 600px\" \/><\/a><\/p>\n<p><a href=\"http:\/\/www.breitschuh-singt-brel.de\/wp-content\/uploads\/2018\/09\/henne1802.jpg\"><img loading=\"lazy\" decoding=\"async\" src=\"http:\/\/www.breitschuh-singt-brel.de\/wp-content\/uploads\/2018\/09\/henne1802-600x450.jpg\" alt=\"henne1802\" width=\"600\" height=\"450\" class=\"aligncenter size-medium wp-image-1178\" srcset=\"http:\/\/www.breitschuh-singt-brel.de\/wp-content\/uploads\/2018\/09\/henne1802-600x450.jpg 600w, http:\/\/www.breitschuh-singt-brel.de\/wp-content\/uploads\/2018\/09\/henne1802-1024x768.jpg 1024w, http:\/\/www.breitschuh-singt-brel.de\/wp-content\/uploads\/2018\/09\/henne1802.jpg 2040w\" sizes=\"auto, (max-width: 600px) 100vw, 600px\" \/><\/a><\/p>\n<p>Nun aber geht der Blick nordw\u00e4rts und nach vorne: am 2. Oktober borden wir die F\u00e4hre nach Wyk auf F\u00f6hr, um im <a href=\"https:\/\/www.foehr.de\/veranstaltungen\/wyk\/e-eckart-breitschuh-singt-jacques-brel\" rel=\"noopener\" target=\"_blank\">Kurgartensaal<\/a> aufzuspielen.<\/p>\n<p><a href=\"http:\/\/www.breitschuh-singt-brel.de\/wp-content\/uploads\/2017\/11\/faehre.jpg\"><img loading=\"lazy\" decoding=\"async\" src=\"http:\/\/www.breitschuh-singt-brel.de\/wp-content\/uploads\/2017\/11\/faehre-600x450.jpg\" alt=\"faehre\" width=\"600\" height=\"450\" class=\"aligncenter size-medium wp-image-1004\" srcset=\"http:\/\/www.breitschuh-singt-brel.de\/wp-content\/uploads\/2017\/11\/faehre-600x450.jpg 600w, http:\/\/www.breitschuh-singt-brel.de\/wp-content\/uploads\/2017\/11\/faehre.jpg 960w\" sizes=\"auto, (max-width: 600px) 100vw, 600px\" \/><\/a><\/p>\n<p>Doch die A7 Richtung S\u00fcden wartete bereits auf uns, denn vier Konzerte wollen in schneller Folge bestritten sein:<br \/>\nAm 11. Oktober um 20 Uhr im <a href=\"http:\/\/www.ncx.de\/kh\/\" rel=\"noopener\" target=\"_blank\">Kulturhof 1590<\/a> in\u00a067487 Maikammer,<br \/>\nam 12. Oktober um 20 Uhr im <a href=\"https:\/\/www.glasperlenspiel.de\/oktober-2018\" rel=\"noopener\" target=\"_blank\">Glasperlenspiel<\/a> in 71679 Asperg,<br \/>\nam 13. Oktober um 20.30 Uhr im <a href=\"http:\/\/www.gleis1.net\/index.php?title=programm&#038;monat=10\" rel=\"noopener\" target=\"_blank\">Gleis1<\/a> in 74638 Waldenburg und<br \/>\nam 14. Oktober um 20 Uhr im <a href=\"http:\/\/www.hoffart-theater.de\/veranstaltungen\/breitschuh-singt-brel-2\/\" rel=\"noopener\" target=\"_blank\">HoffArt Theater<\/a> in 64291 Darmstadt.<\/p>\n<p>Und einen Koffer in Berlin, der erstaunlichen Stadt, haben wir auch noch: am 18. Oktober um 19.30 Uhr sind wir im Charlottenburger <a href=\"http:\/\/www.cafe-k.com\/?page_id=156\" rel=\"noopener\" target=\"_blank\">Caf\u00e9 K<\/a> zu sehen und zu h\u00f6ren.<\/p>\n<p>Wir freuen uns drauf, Euch da drau\u00dfen zu sehen!<\/p>\n<p>Weitere Neuigkeiten wie immer auf unserer Website.<\/p>\n<p>Tausend Dank, alles erdenklich Gute, und bis bald,<\/p>\n<a class=\"synved-social-button synved-social-button-share synved-social-size-24 synved-social-resolution-single synved-social-provider-facebook nolightbox\" data-provider=\"facebook\" target=\"_blank\" rel=\"nofollow\" title=\"Share on Facebook\" href=\"http:\/\/www.facebook.com\/sharer.php?u=http%3A%2F%2Fwww.breitschuh-singt-brel.de%2Findex.php%3Frest_route%3D%252Fwp%252Fv2%252Fposts%252F1174&#038;t=Auf%20und%20ab%20im%20Oktober&#038;s=100&#038;p&#091;url&#093;=http%3A%2F%2Fwww.breitschuh-singt-brel.de%2Findex.php%3Frest_route%3D%252Fwp%252Fv2%252Fposts%252F1174&#038;p&#091;images&#093;&#091;0&#093;=http%3A%2F%2Fwww.breitschuh-singt-brel.de%2Fwp-content%2Fuploads%2F2018%2F09%2Fkulturkirchetv-600x354.jpg&#038;p&#091;title&#093;=Auf%20und%20ab%20im%20Oktober\" style=\"font-size: 0px; width:24px;height:24px;margin:0;margin-bottom:7px;margin-right:7px;\"><img loading=\"lazy\" decoding=\"async\" alt=\"Facebook\" title=\"Share on Facebook\" class=\"synved-share-image synved-social-image synved-social-image-share\" width=\"24\" height=\"24\" style=\"display: inline; width:24px;height:24px; margin: 0; padding: 0; border: none; box-shadow: none;\" src=\"http:\/\/www.breitschuh-singt-brel.de\/wp-content\/plugins\/social-media-feather\/synved-social\/image\/social\/regular\/48x48\/facebook.png\" \/><\/a><a class=\"synved-social-button synved-social-button-share synved-social-size-24 synved-social-resolution-single synved-social-provider-twitter nolightbox\" data-provider=\"twitter\" target=\"_blank\" rel=\"nofollow\" title=\"Share on Twitter\" href=\"https:\/\/twitter.com\/intent\/tweet?url=http%3A%2F%2Fwww.breitschuh-singt-brel.de%2Findex.php%3Frest_route%3D%252Fwp%252Fv2%252Fposts%252F1174&#038;text=Hey%20check%20this%20out\" style=\"font-size: 0px; width:24px;height:24px;margin:0;margin-bottom:7px;margin-right:7px;\"><img loading=\"lazy\" decoding=\"async\" alt=\"twitter\" title=\"Share on Twitter\" class=\"synved-share-image synved-social-image synved-social-image-share\" width=\"24\" height=\"24\" style=\"display: inline; width:24px;height:24px; margin: 0; padding: 0; border: none; box-shadow: none;\" src=\"http:\/\/www.breitschuh-singt-brel.de\/wp-content\/plugins\/social-media-feather\/synved-social\/image\/social\/regular\/48x48\/twitter.png\" \/><\/a><a class=\"synved-social-button synved-social-button-share synved-social-size-24 synved-social-resolution-single synved-social-provider-reddit nolightbox\" data-provider=\"reddit\" target=\"_blank\" rel=\"nofollow\" title=\"Share on Reddit\" href=\"http:\/\/www.reddit.com\/submit?url=http%3A%2F%2Fwww.breitschuh-singt-brel.de%2Findex.php%3Frest_route%3D%252Fwp%252Fv2%252Fposts%252F1174&#038;title=Auf%20und%20ab%20im%20Oktober\" style=\"font-size: 0px; width:24px;height:24px;margin:0;margin-bottom:7px;margin-right:7px;\"><img loading=\"lazy\" decoding=\"async\" alt=\"reddit\" title=\"Share on Reddit\" class=\"synved-share-image synved-social-image synved-social-image-share\" width=\"24\" height=\"24\" style=\"display: inline; width:24px;height:24px; margin: 0; padding: 0; border: none; box-shadow: none;\" src=\"http:\/\/www.breitschuh-singt-brel.de\/wp-content\/plugins\/social-media-feather\/synved-social\/image\/social\/regular\/48x48\/reddit.png\" \/><\/a><a class=\"synved-social-button synved-social-button-share synved-social-size-24 synved-social-resolution-single synved-social-provider-pinterest nolightbox\" data-provider=\"pinterest\" target=\"_blank\" rel=\"nofollow\" title=\"Pin it with Pinterest\" href=\"http:\/\/pinterest.com\/pin\/create\/button\/?url=http%3A%2F%2Fwww.breitschuh-singt-brel.de%2Findex.php%3Frest_route%3D%252Fwp%252Fv2%252Fposts%252F1174&#038;media=http%3A%2F%2Fwww.breitschuh-singt-brel.de%2Fwp-content%2Fuploads%2F2018%2F09%2Fkulturkirchetv-600x354.jpg&#038;description=Auf%20und%20ab%20im%20Oktober\" style=\"font-size: 0px; width:24px;height:24px;margin:0;margin-bottom:7px;margin-right:7px;\"><img loading=\"lazy\" decoding=\"async\" alt=\"pinterest\" title=\"Pin it with Pinterest\" class=\"synved-share-image synved-social-image synved-social-image-share\" width=\"24\" height=\"24\" style=\"display: inline; width:24px;height:24px; margin: 0; padding: 0; border: none; box-shadow: none;\" src=\"http:\/\/www.breitschuh-singt-brel.de\/wp-content\/plugins\/social-media-feather\/synved-social\/image\/social\/regular\/48x48\/pinterest.png\" \/><\/a><a class=\"synved-social-button synved-social-button-share synved-social-size-24 synved-social-resolution-single synved-social-provider-linkedin nolightbox\" data-provider=\"linkedin\" target=\"_blank\" rel=\"nofollow\" title=\"Share on Linkedin\" href=\"http:\/\/www.linkedin.com\/shareArticle?mini=true&#038;url=http%3A%2F%2Fwww.breitschuh-singt-brel.de%2Findex.php%3Frest_route%3D%252Fwp%252Fv2%252Fposts%252F1174&#038;title=Auf%20und%20ab%20im%20Oktober\" style=\"font-size: 0px; width:24px;height:24px;margin:0;margin-bottom:7px;margin-right:7px;\"><img loading=\"lazy\" decoding=\"async\" alt=\"linkedin\" title=\"Share on Linkedin\" class=\"synved-share-image synved-social-image synved-social-image-share\" width=\"24\" height=\"24\" style=\"display: inline; width:24px;height:24px; margin: 0; padding: 0; border: none; box-shadow: none;\" src=\"http:\/\/www.breitschuh-singt-brel.de\/wp-content\/plugins\/social-media-feather\/synved-social\/image\/social\/regular\/48x48\/linkedin.png\" \/><\/a><a class=\"synved-social-button synved-social-button-share synved-social-size-24 synved-social-resolution-single synved-social-provider-mail nolightbox\" data-provider=\"mail\" rel=\"nofollow\" title=\"Share by email\" href=\"mailto:?subject=Auf%20und%20ab%20im%20Oktober&#038;body=Hey%20check%20this%20out:%20http%3A%2F%2Fwww.breitschuh-singt-brel.de%2Findex.php%3Frest_route%3D%252Fwp%252Fv2%252Fposts%252F1174\" style=\"font-size: 0px; width:24px;height:24px;margin:0;margin-bottom:7px;\"><img loading=\"lazy\" decoding=\"async\" alt=\"mail\" title=\"Share by email\" class=\"synved-share-image synved-social-image synved-social-image-share\" width=\"24\" height=\"24\" style=\"display: inline; width:24px;height:24px; margin: 0; padding: 0; border: none; box-shadow: none;\" src=\"http:\/\/www.breitschuh-singt-brel.de\/wp-content\/plugins\/social-media-feather\/synved-social\/image\/social\/regular\/48x48\/mail.png\" \/><\/a>","protected":false},"excerpt":{"rendered":"<p>Liebe Freundinnen und Freunde des gepflegten Chansons, trefflich haben uns die Septembertermine eingestimmt auf die anstehende Herbsttour. Einer sp\u00e4tsommerlichen Kreativnacht im Caf\u00e9 du Port folgte unser Gro\u00dfes Hamburger Herbstkonzert in der Kulturkirche Altona. https:\/\/www.facebook.com\/claudia.lobenberg\/videos\/560904217656488\/UzpfSTI4MzE1OTY0MTc1NjE2NzoyMTk5OTMyNzc2NzQ1NTAx\/ Trotz schwieriger Akustik ein feines Konzert mit gro\u00dfartigem Publikum: Breitschuh singt Brel in der Kulturkirche Altona. Die St\u00fchle waren wohl besetzt, [&hellip;]<\/p>\n","protected":false},"author":1,"featured_media":0,"comment_status":"closed","ping_status":"open","sticky":false,"template":"","format":"video","meta":{"footnotes":""},"categories":[9,5],"tags":[],"class_list":["post-1174","post","type-post","status-publish","format-video","hentry","category-konzerte","category-neues","post_format-post-format-video"],"_links":{"self":[{"href":"http:\/\/www.breitschuh-singt-brel.de\/index.php?rest_route=\/wp\/v2\/posts\/1174","targetHints":{"allow":["GET"]}}],"collection":[{"href":"http:\/\/www.breitschuh-singt-brel.de\/index.php?rest_route=\/wp\/v2\/posts"}],"about":[{"href":"http:\/\/www.breitschuh-singt-brel.de\/index.php?rest_route=\/wp\/v2\/types\/post"}],"author":[{"embeddable":true,"href":"http:\/\/www.breitschuh-singt-brel.de\/index.php?rest_route=\/wp\/v2\/users\/1"}],"replies":[{"embeddable":true,"href":"http:\/\/www.breitschuh-singt-brel.de\/index.php?rest_route=%2Fwp%2Fv2%2Fcomments&post=1174"}],"version-history":[{"count":2,"href":"http:\/\/www.breitschuh-singt-brel.de\/index.php?rest_route=\/wp\/v2\/posts\/1174\/revisions"}],"predecessor-version":[{"id":1181,"href":"http:\/\/www.breitschuh-singt-brel.de\/index.php?rest_route=\/wp\/v2\/posts\/1174\/revisions\/1181"}],"wp:attachment":[{"href":"http:\/\/www.breitschuh-singt-brel.de\/index.php?rest_route=%2Fwp%2Fv2%2Fmedia&parent=1174"}],"wp:term":[{"taxonomy":"category","embeddable":true,"href":"http:\/\/www.breitschuh-singt-brel.de\/index.php?rest_route=%2Fwp%2Fv2%2Fcategories&post=1174"},{"taxonomy":"post_tag","embeddable":true,"href":"http:\/\/www.breitschuh-singt-brel.de\/index.php?rest_route=%2Fwp%2Fv2%2Ftags&post=1174"}],"curies":[{"name":"wp","href":"https:\/\/api.w.org\/{rel}","templated":true}]}}