{"id":1236,"date":"2019-01-06T13:15:55","date_gmt":"2019-01-06T12:15:55","guid":{"rendered":"http:\/\/www.breitschuh-singt-brel.de\/?p=1236"},"modified":"2019-01-06T13:15:55","modified_gmt":"2019-01-06T12:15:55","slug":"breitschuh-singt-brel-in-wittlerins-wohnzimmer","status":"publish","type":"post","link":"http:\/\/www.breitschuh-singt-brel.de\/?p=1236","title":{"rendered":"Breitschuh singt Brel in Wittlerins Wohnzimmer"},"content":{"rendered":"<p>Samstag, 09. Februar 2019, 20.00 Uhr<br \/>\nWittlerins Wohnzimmer, Deelenkneipe und Kulturbar, Jabel 20, 29439 L\u00fcchow<\/p>\n<p><a href=\"http:\/\/www.breitschuh-singt-brel.de\/wp-content\/uploads\/2018\/02\/05Breitschuh_Foto_Paula_Voss.jpg\"><img loading=\"lazy\" decoding=\"async\" src=\"http:\/\/www.breitschuh-singt-brel.de\/wp-content\/uploads\/2018\/02\/05Breitschuh_Foto_Paula_Voss-600x400.jpg\" alt=\"Download Foto01\" width=\"600\" height=\"400\" class=\"aligncenter size-medium wp-image-1067\" srcset=\"http:\/\/www.breitschuh-singt-brel.de\/wp-content\/uploads\/2018\/02\/05Breitschuh_Foto_Paula_Voss-600x400.jpg 600w, http:\/\/www.breitschuh-singt-brel.de\/wp-content\/uploads\/2018\/02\/05Breitschuh_Foto_Paula_Voss-1024x682.jpg 1024w\" sizes=\"auto, (max-width: 600px) 100vw, 600px\" \/><\/a><em>Foto Paula Vo\u00df<\/em><\/p>\n<p>Weiter ins Wendland f\u00fchrt der wilde Ritt durch den Februar. Breitschuh singt Brel mit Neuem Programm in Wittlerins Wohnzimmer. Wir sehen uns da!<\/p>\n<a class=\"synved-social-button synved-social-button-share synved-social-size-24 synved-social-resolution-single synved-social-provider-facebook nolightbox\" data-provider=\"facebook\" target=\"_blank\" rel=\"nofollow\" title=\"Share on Facebook\" href=\"http:\/\/www.facebook.com\/sharer.php?u=http%3A%2F%2Fwww.breitschuh-singt-brel.de%2Findex.php%3Frest_route%3D%252Fwp%252Fv2%252Fposts%252F1236&#038;t=Breitschuh%20singt%20Brel%20in%20Wittlerins%20Wohnzimmer&#038;s=100&#038;p&#091;url&#093;=http%3A%2F%2Fwww.breitschuh-singt-brel.de%2Findex.php%3Frest_route%3D%252Fwp%252Fv2%252Fposts%252F1236&#038;p&#091;images&#093;&#091;0&#093;=http%3A%2F%2Fwww.breitschuh-singt-brel.de%2Fwp-content%2Fuploads%2F2018%2F02%2F05Breitschuh_Foto_Paula_Voss-600x400.jpg&#038;p&#091;title&#093;=Breitschuh%20singt%20Brel%20in%20Wittlerins%20Wohnzimmer\" style=\"font-size: 0px; width:24px;height:24px;margin:0;margin-bottom:7px;margin-right:7px;\"><img loading=\"lazy\" decoding=\"async\" alt=\"Facebook\" title=\"Share on Facebook\" class=\"synved-share-image synved-social-image synved-social-image-share\" width=\"24\" height=\"24\" style=\"display: inline; width:24px;height:24px; margin: 0; padding: 0; border: none; box-shadow: none;\" src=\"http:\/\/www.breitschuh-singt-brel.de\/wp-content\/plugins\/social-media-feather\/synved-social\/image\/social\/regular\/48x48\/facebook.png\" \/><\/a><a class=\"synved-social-button synved-social-button-share synved-social-size-24 synved-social-resolution-single synved-social-provider-twitter nolightbox\" data-provider=\"twitter\" target=\"_blank\" rel=\"nofollow\" title=\"Share on Twitter\" href=\"https:\/\/twitter.com\/intent\/tweet?url=http%3A%2F%2Fwww.breitschuh-singt-brel.de%2Findex.php%3Frest_route%3D%252Fwp%252Fv2%252Fposts%252F1236&#038;text=Hey%20check%20this%20out\" style=\"font-size: 0px; width:24px;height:24px;margin:0;margin-bottom:7px;margin-right:7px;\"><img loading=\"lazy\" decoding=\"async\" alt=\"twitter\" title=\"Share on Twitter\" class=\"synved-share-image synved-social-image synved-social-image-share\" width=\"24\" height=\"24\" style=\"display: inline; width:24px;height:24px; margin: 0; padding: 0; border: none; box-shadow: none;\" src=\"http:\/\/www.breitschuh-singt-brel.de\/wp-content\/plugins\/social-media-feather\/synved-social\/image\/social\/regular\/48x48\/twitter.png\" \/><\/a><a class=\"synved-social-button synved-social-button-share synved-social-size-24 synved-social-resolution-single synved-social-provider-reddit nolightbox\" data-provider=\"reddit\" target=\"_blank\" rel=\"nofollow\" title=\"Share on Reddit\" href=\"http:\/\/www.reddit.com\/submit?url=http%3A%2F%2Fwww.breitschuh-singt-brel.de%2Findex.php%3Frest_route%3D%252Fwp%252Fv2%252Fposts%252F1236&#038;title=Breitschuh%20singt%20Brel%20in%20Wittlerins%20Wohnzimmer\" style=\"font-size: 0px; width:24px;height:24px;margin:0;margin-bottom:7px;margin-right:7px;\"><img loading=\"lazy\" decoding=\"async\" alt=\"reddit\" title=\"Share on Reddit\" class=\"synved-share-image synved-social-image synved-social-image-share\" width=\"24\" height=\"24\" style=\"display: inline; width:24px;height:24px; margin: 0; padding: 0; border: none; box-shadow: none;\" src=\"http:\/\/www.breitschuh-singt-brel.de\/wp-content\/plugins\/social-media-feather\/synved-social\/image\/social\/regular\/48x48\/reddit.png\" \/><\/a><a class=\"synved-social-button synved-social-button-share synved-social-size-24 synved-social-resolution-single synved-social-provider-pinterest nolightbox\" data-provider=\"pinterest\" target=\"_blank\" rel=\"nofollow\" title=\"Pin it with Pinterest\" href=\"http:\/\/pinterest.com\/pin\/create\/button\/?url=http%3A%2F%2Fwww.breitschuh-singt-brel.de%2Findex.php%3Frest_route%3D%252Fwp%252Fv2%252Fposts%252F1236&#038;media=http%3A%2F%2Fwww.breitschuh-singt-brel.de%2Fwp-content%2Fuploads%2F2018%2F02%2F05Breitschuh_Foto_Paula_Voss-600x400.jpg&#038;description=Breitschuh%20singt%20Brel%20in%20Wittlerins%20Wohnzimmer\" style=\"font-size: 0px; width:24px;height:24px;margin:0;margin-bottom:7px;margin-right:7px;\"><img loading=\"lazy\" decoding=\"async\" alt=\"pinterest\" title=\"Pin it with Pinterest\" class=\"synved-share-image synved-social-image synved-social-image-share\" width=\"24\" height=\"24\" style=\"display: inline; width:24px;height:24px; margin: 0; padding: 0; border: none; box-shadow: none;\" src=\"http:\/\/www.breitschuh-singt-brel.de\/wp-content\/plugins\/social-media-feather\/synved-social\/image\/social\/regular\/48x48\/pinterest.png\" \/><\/a><a class=\"synved-social-button synved-social-button-share synved-social-size-24 synved-social-resolution-single synved-social-provider-linkedin nolightbox\" data-provider=\"linkedin\" target=\"_blank\" rel=\"nofollow\" title=\"Share on Linkedin\" href=\"http:\/\/www.linkedin.com\/shareArticle?mini=true&#038;url=http%3A%2F%2Fwww.breitschuh-singt-brel.de%2Findex.php%3Frest_route%3D%252Fwp%252Fv2%252Fposts%252F1236&#038;title=Breitschuh%20singt%20Brel%20in%20Wittlerins%20Wohnzimmer\" style=\"font-size: 0px; width:24px;height:24px;margin:0;margin-bottom:7px;margin-right:7px;\"><img loading=\"lazy\" decoding=\"async\" alt=\"linkedin\" title=\"Share on Linkedin\" class=\"synved-share-image synved-social-image synved-social-image-share\" width=\"24\" height=\"24\" style=\"display: inline; width:24px;height:24px; margin: 0; padding: 0; border: none; box-shadow: none;\" src=\"http:\/\/www.breitschuh-singt-brel.de\/wp-content\/plugins\/social-media-feather\/synved-social\/image\/social\/regular\/48x48\/linkedin.png\" \/><\/a><a class=\"synved-social-button synved-social-button-share synved-social-size-24 synved-social-resolution-single synved-social-provider-mail nolightbox\" data-provider=\"mail\" rel=\"nofollow\" title=\"Share by email\" href=\"mailto:?subject=Breitschuh%20singt%20Brel%20in%20Wittlerins%20Wohnzimmer&#038;body=Hey%20check%20this%20out:%20http%3A%2F%2Fwww.breitschuh-singt-brel.de%2Findex.php%3Frest_route%3D%252Fwp%252Fv2%252Fposts%252F1236\" style=\"font-size: 0px; width:24px;height:24px;margin:0;margin-bottom:7px;\"><img loading=\"lazy\" decoding=\"async\" alt=\"mail\" title=\"Share by email\" class=\"synved-share-image synved-social-image synved-social-image-share\" width=\"24\" height=\"24\" style=\"display: inline; width:24px;height:24px; margin: 0; padding: 0; border: none; box-shadow: none;\" src=\"http:\/\/www.breitschuh-singt-brel.de\/wp-content\/plugins\/social-media-feather\/synved-social\/image\/social\/regular\/48x48\/mail.png\" \/><\/a>","protected":false},"excerpt":{"rendered":"<p>Samstag, 09. Februar 2019, 20.00 Uhr Wittlerins Wohnzimmer, Deelenkneipe und Kulturbar, Jabel 20, 29439 L\u00fcchow Foto Paula Vo\u00df Weiter ins Wendland f\u00fchrt der wilde Ritt durch den Februar. Breitschuh singt Brel mit Neuem Programm in Wittlerins Wohnzimmer. Wir sehen uns da!<\/p>\n","protected":false},"author":1,"featured_media":0,"comment_status":"closed","ping_status":"open","sticky":false,"template":"","format":"standard","meta":{"footnotes":""},"categories":[9,5],"tags":[],"class_list":["post-1236","post","type-post","status-publish","format-standard","hentry","category-konzerte","category-neues"],"_links":{"self":[{"href":"http:\/\/www.breitschuh-singt-brel.de\/index.php?rest_route=\/wp\/v2\/posts\/1236","targetHints":{"allow":["GET"]}}],"collection":[{"href":"http:\/\/www.breitschuh-singt-brel.de\/index.php?rest_route=\/wp\/v2\/posts"}],"about":[{"href":"http:\/\/www.breitschuh-singt-brel.de\/index.php?rest_route=\/wp\/v2\/types\/post"}],"author":[{"embeddable":true,"href":"http:\/\/www.breitschuh-singt-brel.de\/index.php?rest_route=\/wp\/v2\/users\/1"}],"replies":[{"embeddable":true,"href":"http:\/\/www.breitschuh-singt-brel.de\/index.php?rest_route=%2Fwp%2Fv2%2Fcomments&post=1236"}],"version-history":[{"count":1,"href":"http:\/\/www.breitschuh-singt-brel.de\/index.php?rest_route=\/wp\/v2\/posts\/1236\/revisions"}],"predecessor-version":[{"id":1237,"href":"http:\/\/www.breitschuh-singt-brel.de\/index.php?rest_route=\/wp\/v2\/posts\/1236\/revisions\/1237"}],"wp:attachment":[{"href":"http:\/\/www.breitschuh-singt-brel.de\/index.php?rest_route=%2Fwp%2Fv2%2Fmedia&parent=1236"}],"wp:term":[{"taxonomy":"category","embeddable":true,"href":"http:\/\/www.breitschuh-singt-brel.de\/index.php?rest_route=%2Fwp%2Fv2%2Fcategories&post=1236"},{"taxonomy":"post_tag","embeddable":true,"href":"http:\/\/www.breitschuh-singt-brel.de\/index.php?rest_route=%2Fwp%2Fv2%2Ftags&post=1236"}],"curies":[{"name":"wp","href":"https:\/\/api.w.org\/{rel}","templated":true}]}}