{"id":251,"date":"2015-07-21T15:11:23","date_gmt":"2015-07-21T14:11:23","guid":{"rendered":"http:\/\/www.breitschuh-singt-brel.de\/?p=251"},"modified":"2015-07-21T15:11:23","modified_gmt":"2015-07-21T14:11:23","slug":"breitschuh-singt-brel-wunscht-einen-schonen-sommer","status":"publish","type":"post","link":"http:\/\/www.breitschuh-singt-brel.de\/?p=251","title":{"rendered":"Breitschuh singt BREL w\u00fcnscht einen sch\u00f6nen Sommer!"},"content":{"rendered":"<p>Freunde, R\u00f6mer, Landsleute,<br \/>\nnun haben wir eine Weile nichts von uns h\u00f6ren lassen. Was aber keinesfalls heisst, dass uns das sommerliche Phlegma \u00fcberw\u00e4ltigt hat. Viel hat sich getan und es geht weiter voran!<\/p>\n<p>Zum Beispiel unser CD-Projekt. Nach viel Hin und Her haben wir seit Juni endlich den richtigen Bassisten f\u00fcr unsere CD-Aufnahmen im Boot. G\u00f6tz Hohmeier schwingt das dicke Ding mit Verve und Einf\u00fchlungsverm\u00f6gen. Gerade sagte mir Greg am Telefon, dass unser Wunschschlagzeuger auch mit von der Partie ist. Na, l\u00e4uft doch!<br \/>\nWenn das so weiter geht, haben wir im Januar n\u00e4chsten Jahres unseren eigenen Tontr\u00e4ger in den klammen Patscheh\u00e4nden. Und werden nat\u00fcrlich alles daran setzen, ihn unter Euch zu verteilen.<br \/>\nZur \u00dcberbr\u00fcckung der Wartezeit hier noch die nagelfrische Booklet-Illustration zu &#8220;Jacky&#8221;. Den Text habe ich auf Wunsch der Rechteinhaber wieder unkenntlich gemacht.<\/p>\n<p><a href=\"http:\/\/www.breitschuh-singt-brel.de\/wp-content\/uploads\/2015\/07\/jackybooklet.jpg\"><img loading=\"lazy\" decoding=\"async\" src=\"http:\/\/www.breitschuh-singt-brel.de\/wp-content\/uploads\/2015\/07\/jackybooklet-600x299.jpg\" alt=\"jackybooklet\" width=\"600\" height=\"299\" class=\"alignnone size-medium wp-image-252\" srcset=\"http:\/\/www.breitschuh-singt-brel.de\/wp-content\/uploads\/2015\/07\/jackybooklet-600x299.jpg 600w, http:\/\/www.breitschuh-singt-brel.de\/wp-content\/uploads\/2015\/07\/jackybooklet-1024x511.jpg 1024w, http:\/\/www.breitschuh-singt-brel.de\/wp-content\/uploads\/2015\/07\/jackybooklet.jpg 1191w\" sizes=\"auto, (max-width: 600px) 100vw, 600px\" \/><\/a><\/p>\n<p>Ein weiteres Highlight der letzten Wochen war unsere Fotosession mit <a href=\"https:\/\/www.facebook.com\/paulavoss.paulonka\" target=\"_blank\">Paula Voss<\/a> im <a href=\"http:\/\/www.logensaal-kammerspiele.de\/\" target=\"_blank\">Logensaal<\/a>. Vielen Dank an Paula, an Peter Dorsch, der f\u00fcr Licht und Ton sorgte und an die drei tapferen Zuh\u00f6rer, die uns bis zum Schluss die Stange hielten!<br \/>\nEin weiterer Fototermin mit Paula ist schon anberaumt.<\/p>\n<p>Jetzt aber liegt das sch\u00f6ne Hamburg ferienentleert unter einer Mischung aus Hitze und Gewitter. Und auch wir lehnen uns ein wenig zur\u00fcck und schwelgen im Sommerloch.<br \/>\nAb Mitte August sind wir dann wieder aktiv im Auftrag des gef\u00fchlsbetonten Chansons unterwegs.<br \/>\nUnser Konzert bei der F\u00eate de la musique in Leipzig hat uns \u00fcbrigens einen pr\u00e4chtigen Nachfolgeauftrag eingebracht:<br \/>\nAm 15. September werden wir dem Er\u00f6ffnungsempfang der <a href=\"https:\/\/www.filmkunstmesse.de\/\" target=\"_blank\">Filmkunstmesse Leipzig<\/a> mit Brel&#8217;schen Moritaten einheizen. Und das in keinem geringeren Hause als der <a href=\"http:\/\/www.oper-leipzig.de\" target=\"_blank\">Oper Leipzig<\/a>.<br \/>\nOhnehin haben wir im September recht prall zu tun, kein Wochenende ohne Konzert findet sich im Kalender. Ebenso im Oktober, denn da startet unsere erste Tour durchs Land mit Stationen in Darmstadt, Worms, Neustadt, Asperg, M\u00f6nchengladbach und Berlin. Und die Planungen f\u00fcr 2016 laufen schon.<br \/>\nWir sehen uns da draussen!<\/p>\n<p>Bis dahin, alles Gute und haltet Euch k\u00fchl!<br \/>\nGreg &#038; Eckart<\/p>\n<p><a href=\"http:\/\/www.breitschuh-singt-brel.de\/wp-content\/uploads\/2015\/07\/BsB197c.jpg\"><img loading=\"lazy\" decoding=\"async\" src=\"http:\/\/www.breitschuh-singt-brel.de\/wp-content\/uploads\/2015\/07\/BsB197c-600x600.jpg\" alt=\"BsB197c\" width=\"600\" height=\"600\" class=\"alignnone size-medium wp-image-253\" srcset=\"http:\/\/www.breitschuh-singt-brel.de\/wp-content\/uploads\/2015\/07\/BsB197c-600x600.jpg 600w, http:\/\/www.breitschuh-singt-brel.de\/wp-content\/uploads\/2015\/07\/BsB197c-150x150.jpg 150w, http:\/\/www.breitschuh-singt-brel.de\/wp-content\/uploads\/2015\/07\/BsB197c.jpg 850w\" sizes=\"auto, (max-width: 600px) 100vw, 600px\" \/><\/a><br \/>\nFoto: <a href=\"https:\/\/www.facebook.com\/paulavoss.paulonka\" target=\"_blank\">Paula Voss<\/a><\/p>\n<a class=\"synved-social-button synved-social-button-share synved-social-size-24 synved-social-resolution-single synved-social-provider-facebook nolightbox\" data-provider=\"facebook\" target=\"_blank\" rel=\"nofollow\" title=\"Share on Facebook\" href=\"http:\/\/www.facebook.com\/sharer.php?u=http%3A%2F%2Fwww.breitschuh-singt-brel.de%2Findex.php%3Frest_route%3D%252Fwp%252Fv2%252Fposts%252F251&#038;t=Breitschuh%20singt%20BREL%20w%C3%BCnscht%20einen%20sch%C3%B6nen%20Sommer%21&#038;s=100&#038;p&#091;url&#093;=http%3A%2F%2Fwww.breitschuh-singt-brel.de%2Findex.php%3Frest_route%3D%252Fwp%252Fv2%252Fposts%252F251&#038;p&#091;images&#093;&#091;0&#093;=http%3A%2F%2Fwww.breitschuh-singt-brel.de%2Fwp-content%2Fuploads%2F2015%2F07%2Fjackybooklet-600x299.jpg&#038;p&#091;title&#093;=Breitschuh%20singt%20BREL%20w%C3%BCnscht%20einen%20sch%C3%B6nen%20Sommer%21\" style=\"font-size: 0px; width:24px;height:24px;margin:0;margin-bottom:7px;margin-right:7px;\"><img loading=\"lazy\" decoding=\"async\" alt=\"Facebook\" title=\"Share on Facebook\" class=\"synved-share-image synved-social-image synved-social-image-share\" width=\"24\" height=\"24\" style=\"display: inline; width:24px;height:24px; margin: 0; padding: 0; border: none; box-shadow: none;\" src=\"http:\/\/www.breitschuh-singt-brel.de\/wp-content\/plugins\/social-media-feather\/synved-social\/image\/social\/regular\/48x48\/facebook.png\" \/><\/a><a class=\"synved-social-button synved-social-button-share synved-social-size-24 synved-social-resolution-single synved-social-provider-twitter nolightbox\" data-provider=\"twitter\" target=\"_blank\" rel=\"nofollow\" title=\"Share on Twitter\" href=\"https:\/\/twitter.com\/intent\/tweet?url=http%3A%2F%2Fwww.breitschuh-singt-brel.de%2Findex.php%3Frest_route%3D%252Fwp%252Fv2%252Fposts%252F251&#038;text=Hey%20check%20this%20out\" style=\"font-size: 0px; width:24px;height:24px;margin:0;margin-bottom:7px;margin-right:7px;\"><img loading=\"lazy\" decoding=\"async\" alt=\"twitter\" title=\"Share on Twitter\" class=\"synved-share-image synved-social-image synved-social-image-share\" width=\"24\" height=\"24\" style=\"display: inline; width:24px;height:24px; margin: 0; padding: 0; border: none; box-shadow: none;\" src=\"http:\/\/www.breitschuh-singt-brel.de\/wp-content\/plugins\/social-media-feather\/synved-social\/image\/social\/regular\/48x48\/twitter.png\" \/><\/a><a class=\"synved-social-button synved-social-button-share synved-social-size-24 synved-social-resolution-single synved-social-provider-reddit nolightbox\" data-provider=\"reddit\" target=\"_blank\" rel=\"nofollow\" title=\"Share on Reddit\" href=\"http:\/\/www.reddit.com\/submit?url=http%3A%2F%2Fwww.breitschuh-singt-brel.de%2Findex.php%3Frest_route%3D%252Fwp%252Fv2%252Fposts%252F251&#038;title=Breitschuh%20singt%20BREL%20w%C3%BCnscht%20einen%20sch%C3%B6nen%20Sommer%21\" style=\"font-size: 0px; width:24px;height:24px;margin:0;margin-bottom:7px;margin-right:7px;\"><img loading=\"lazy\" decoding=\"async\" alt=\"reddit\" title=\"Share on Reddit\" class=\"synved-share-image synved-social-image synved-social-image-share\" width=\"24\" height=\"24\" style=\"display: inline; width:24px;height:24px; margin: 0; padding: 0; border: none; box-shadow: none;\" src=\"http:\/\/www.breitschuh-singt-brel.de\/wp-content\/plugins\/social-media-feather\/synved-social\/image\/social\/regular\/48x48\/reddit.png\" \/><\/a><a class=\"synved-social-button synved-social-button-share synved-social-size-24 synved-social-resolution-single synved-social-provider-pinterest nolightbox\" data-provider=\"pinterest\" target=\"_blank\" rel=\"nofollow\" title=\"Pin it with Pinterest\" href=\"http:\/\/pinterest.com\/pin\/create\/button\/?url=http%3A%2F%2Fwww.breitschuh-singt-brel.de%2Findex.php%3Frest_route%3D%252Fwp%252Fv2%252Fposts%252F251&#038;media=http%3A%2F%2Fwww.breitschuh-singt-brel.de%2Fwp-content%2Fuploads%2F2015%2F07%2Fjackybooklet-600x299.jpg&#038;description=Breitschuh%20singt%20BREL%20w%C3%BCnscht%20einen%20sch%C3%B6nen%20Sommer%21\" style=\"font-size: 0px; width:24px;height:24px;margin:0;margin-bottom:7px;margin-right:7px;\"><img loading=\"lazy\" decoding=\"async\" alt=\"pinterest\" title=\"Pin it with Pinterest\" class=\"synved-share-image synved-social-image synved-social-image-share\" width=\"24\" height=\"24\" style=\"display: inline; width:24px;height:24px; margin: 0; padding: 0; border: none; box-shadow: none;\" src=\"http:\/\/www.breitschuh-singt-brel.de\/wp-content\/plugins\/social-media-feather\/synved-social\/image\/social\/regular\/48x48\/pinterest.png\" \/><\/a><a class=\"synved-social-button synved-social-button-share synved-social-size-24 synved-social-resolution-single synved-social-provider-linkedin nolightbox\" data-provider=\"linkedin\" target=\"_blank\" rel=\"nofollow\" title=\"Share on Linkedin\" href=\"http:\/\/www.linkedin.com\/shareArticle?mini=true&#038;url=http%3A%2F%2Fwww.breitschuh-singt-brel.de%2Findex.php%3Frest_route%3D%252Fwp%252Fv2%252Fposts%252F251&#038;title=Breitschuh%20singt%20BREL%20w%C3%BCnscht%20einen%20sch%C3%B6nen%20Sommer%21\" style=\"font-size: 0px; width:24px;height:24px;margin:0;margin-bottom:7px;margin-right:7px;\"><img loading=\"lazy\" decoding=\"async\" alt=\"linkedin\" title=\"Share on Linkedin\" class=\"synved-share-image synved-social-image synved-social-image-share\" width=\"24\" height=\"24\" style=\"display: inline; width:24px;height:24px; margin: 0; padding: 0; border: none; box-shadow: none;\" src=\"http:\/\/www.breitschuh-singt-brel.de\/wp-content\/plugins\/social-media-feather\/synved-social\/image\/social\/regular\/48x48\/linkedin.png\" \/><\/a><a class=\"synved-social-button synved-social-button-share synved-social-size-24 synved-social-resolution-single synved-social-provider-mail nolightbox\" data-provider=\"mail\" rel=\"nofollow\" title=\"Share by email\" href=\"mailto:?subject=Breitschuh%20singt%20BREL%20w%C3%BCnscht%20einen%20sch%C3%B6nen%20Sommer%21&#038;body=Hey%20check%20this%20out:%20http%3A%2F%2Fwww.breitschuh-singt-brel.de%2Findex.php%3Frest_route%3D%252Fwp%252Fv2%252Fposts%252F251\" style=\"font-size: 0px; width:24px;height:24px;margin:0;margin-bottom:7px;\"><img loading=\"lazy\" decoding=\"async\" alt=\"mail\" title=\"Share by email\" class=\"synved-share-image synved-social-image synved-social-image-share\" width=\"24\" height=\"24\" style=\"display: inline; width:24px;height:24px; margin: 0; padding: 0; border: none; box-shadow: none;\" src=\"http:\/\/www.breitschuh-singt-brel.de\/wp-content\/plugins\/social-media-feather\/synved-social\/image\/social\/regular\/48x48\/mail.png\" \/><\/a>","protected":false},"excerpt":{"rendered":"<p>Freunde, R\u00f6mer, Landsleute, nun haben wir eine Weile nichts von uns h\u00f6ren lassen. Was aber keinesfalls heisst, dass uns das sommerliche Phlegma \u00fcberw\u00e4ltigt hat. Viel hat sich getan und es geht weiter voran! Zum Beispiel unser CD-Projekt. Nach viel Hin und Her haben wir seit Juni endlich den richtigen Bassisten f\u00fcr unsere CD-Aufnahmen im Boot. [&hellip;]<\/p>\n","protected":false},"author":1,"featured_media":0,"comment_status":"closed","ping_status":"open","sticky":false,"template":"","format":"standard","meta":{"footnotes":""},"categories":[3,5],"tags":[],"class_list":["post-251","post","type-post","status-publish","format-standard","hentry","category-hoerenundsehen","category-neues"],"_links":{"self":[{"href":"http:\/\/www.breitschuh-singt-brel.de\/index.php?rest_route=\/wp\/v2\/posts\/251","targetHints":{"allow":["GET"]}}],"collection":[{"href":"http:\/\/www.breitschuh-singt-brel.de\/index.php?rest_route=\/wp\/v2\/posts"}],"about":[{"href":"http:\/\/www.breitschuh-singt-brel.de\/index.php?rest_route=\/wp\/v2\/types\/post"}],"author":[{"embeddable":true,"href":"http:\/\/www.breitschuh-singt-brel.de\/index.php?rest_route=\/wp\/v2\/users\/1"}],"replies":[{"embeddable":true,"href":"http:\/\/www.breitschuh-singt-brel.de\/index.php?rest_route=%2Fwp%2Fv2%2Fcomments&post=251"}],"version-history":[{"count":1,"href":"http:\/\/www.breitschuh-singt-brel.de\/index.php?rest_route=\/wp\/v2\/posts\/251\/revisions"}],"predecessor-version":[{"id":254,"href":"http:\/\/www.breitschuh-singt-brel.de\/index.php?rest_route=\/wp\/v2\/posts\/251\/revisions\/254"}],"wp:attachment":[{"href":"http:\/\/www.breitschuh-singt-brel.de\/index.php?rest_route=%2Fwp%2Fv2%2Fmedia&parent=251"}],"wp:term":[{"taxonomy":"category","embeddable":true,"href":"http:\/\/www.breitschuh-singt-brel.de\/index.php?rest_route=%2Fwp%2Fv2%2Fcategories&post=251"},{"taxonomy":"post_tag","embeddable":true,"href":"http:\/\/www.breitschuh-singt-brel.de\/index.php?rest_route=%2Fwp%2Fv2%2Ftags&post=251"}],"curies":[{"name":"wp","href":"https:\/\/api.w.org\/{rel}","templated":true}]}}