{"id":278,"date":"2015-08-18T10:48:32","date_gmt":"2015-08-18T09:48:32","guid":{"rendered":"http:\/\/www.breitschuh-singt-brel.de\/?p=278"},"modified":"2015-08-18T10:48:32","modified_gmt":"2015-08-18T09:48:32","slug":"breitschuh-singt-brel-und-allzu-kurz-ist-schonsten-sommers-frist","status":"publish","type":"post","link":"http:\/\/www.breitschuh-singt-brel.de\/?p=278","title":{"rendered":"Breitschuh singt BREL &#8211; Und allzu kurz ist sch\u00f6nsten Sommers Frist"},"content":{"rendered":"<p style=\"text-align: center;\"><a href=\"https:\/\/www.facebook.com\/events\/1642099056030544\/\"><img decoding=\"async\" src=\"https:\/\/scontent.xx.fbcdn.net\/hphotos-xpf1\/v\/t1.0-9\/p843x403\/11898539_908552695883522_384863233250027260_n.jpg?oh=5521f9f71081f0dd308f6de8deec7708&#038;oe=5678A64A\" alt=\"\" \/><\/a><\/p>\n<p>Am letzten Wochenende im August, noch benommen von den Ausschweifungen der munteren Ferienzeit, lassen wir uns umschliessen von dem fr\u00f6hlich-hedonistischen Treiben des Bernstorffstra\u00dfenfestes. Doch was ist das? Klavierkl\u00e4nge schwirren durch die Sommerluft, und eine Stimme erhebt sich, uns zu erinnern, dass Hitze und K\u00e4lte, Werden und Vergehen, Lachen und Weinen oft n\u00e4her bei einander liegen, als wir uns t\u00e4glich deutlich machen.<br \/>\nJa, es sind erneut die Herren Breitschuh und Baker, die uns Jacques Brels tiefe Einsichten in die Conditio Humana in feinstem Deutsch vermitteln. Au revoir Sommer, hallo Mensch!<\/p>\n<p>Samstag, 29. August 2015, 14 Uhr Benstorffstra\u00dfenfest, 22767 Hamburg<br \/>\n<a href='https:\/\/www.facebook.com\/events\/1642099056030544\/'>Breitschuh singt BREL &#8211; Und allzu kurz ist sch\u00f6nsten Sommers Frist<\/a>.<\/p>\n<a class=\"synved-social-button synved-social-button-share synved-social-size-24 synved-social-resolution-single synved-social-provider-facebook nolightbox\" data-provider=\"facebook\" target=\"_blank\" rel=\"nofollow\" title=\"Share on Facebook\" href=\"http:\/\/www.facebook.com\/sharer.php?u=http%3A%2F%2Fwww.breitschuh-singt-brel.de%2Findex.php%3Frest_route%3D%252Fwp%252Fv2%252Fposts%252F278&#038;t=Breitschuh%20singt%20BREL%20%E2%80%93%20Und%20allzu%20kurz%20ist%20sch%C3%B6nsten%20Sommers%20Frist&#038;s=100&#038;p&#091;url&#093;=http%3A%2F%2Fwww.breitschuh-singt-brel.de%2Findex.php%3Frest_route%3D%252Fwp%252Fv2%252Fposts%252F278&#038;p&#091;images&#093;&#091;0&#093;=https%3A%2F%2Fscontent.xx.fbcdn.net%2Fhphotos-xpf1%2Fv%2Ft1.0-9%2Fp843x403%2F11898539_908552695883522_384863233250027260_n.jpg%3Foh%3D5521f9f71081f0dd308f6de8deec7708%26oe%3D5678A64A&#038;p&#091;title&#093;=Breitschuh%20singt%20BREL%20%E2%80%93%20Und%20allzu%20kurz%20ist%20sch%C3%B6nsten%20Sommers%20Frist\" style=\"font-size: 0px; width:24px;height:24px;margin:0;margin-bottom:7px;margin-right:7px;\"><img loading=\"lazy\" decoding=\"async\" alt=\"Facebook\" title=\"Share on Facebook\" class=\"synved-share-image synved-social-image synved-social-image-share\" width=\"24\" height=\"24\" style=\"display: inline; width:24px;height:24px; margin: 0; padding: 0; border: none; box-shadow: none;\" src=\"http:\/\/www.breitschuh-singt-brel.de\/wp-content\/plugins\/social-media-feather\/synved-social\/image\/social\/regular\/48x48\/facebook.png\" \/><\/a><a class=\"synved-social-button synved-social-button-share synved-social-size-24 synved-social-resolution-single synved-social-provider-twitter nolightbox\" data-provider=\"twitter\" target=\"_blank\" rel=\"nofollow\" title=\"Share on Twitter\" href=\"https:\/\/twitter.com\/intent\/tweet?url=http%3A%2F%2Fwww.breitschuh-singt-brel.de%2Findex.php%3Frest_route%3D%252Fwp%252Fv2%252Fposts%252F278&#038;text=Hey%20check%20this%20out\" style=\"font-size: 0px; width:24px;height:24px;margin:0;margin-bottom:7px;margin-right:7px;\"><img loading=\"lazy\" decoding=\"async\" alt=\"twitter\" title=\"Share on Twitter\" class=\"synved-share-image synved-social-image synved-social-image-share\" width=\"24\" height=\"24\" style=\"display: inline; width:24px;height:24px; margin: 0; padding: 0; border: none; box-shadow: none;\" src=\"http:\/\/www.breitschuh-singt-brel.de\/wp-content\/plugins\/social-media-feather\/synved-social\/image\/social\/regular\/48x48\/twitter.png\" \/><\/a><a class=\"synved-social-button synved-social-button-share synved-social-size-24 synved-social-resolution-single synved-social-provider-reddit nolightbox\" data-provider=\"reddit\" target=\"_blank\" rel=\"nofollow\" title=\"Share on Reddit\" href=\"http:\/\/www.reddit.com\/submit?url=http%3A%2F%2Fwww.breitschuh-singt-brel.de%2Findex.php%3Frest_route%3D%252Fwp%252Fv2%252Fposts%252F278&#038;title=Breitschuh%20singt%20BREL%20%E2%80%93%20Und%20allzu%20kurz%20ist%20sch%C3%B6nsten%20Sommers%20Frist\" style=\"font-size: 0px; width:24px;height:24px;margin:0;margin-bottom:7px;margin-right:7px;\"><img loading=\"lazy\" decoding=\"async\" alt=\"reddit\" title=\"Share on Reddit\" class=\"synved-share-image synved-social-image synved-social-image-share\" width=\"24\" height=\"24\" style=\"display: inline; width:24px;height:24px; margin: 0; padding: 0; border: none; box-shadow: none;\" src=\"http:\/\/www.breitschuh-singt-brel.de\/wp-content\/plugins\/social-media-feather\/synved-social\/image\/social\/regular\/48x48\/reddit.png\" \/><\/a><a class=\"synved-social-button synved-social-button-share synved-social-size-24 synved-social-resolution-single synved-social-provider-pinterest nolightbox\" data-provider=\"pinterest\" target=\"_blank\" rel=\"nofollow\" title=\"Pin it with Pinterest\" href=\"http:\/\/pinterest.com\/pin\/create\/button\/?url=http%3A%2F%2Fwww.breitschuh-singt-brel.de%2Findex.php%3Frest_route%3D%252Fwp%252Fv2%252Fposts%252F278&#038;media=https%3A%2F%2Fscontent.xx.fbcdn.net%2Fhphotos-xpf1%2Fv%2Ft1.0-9%2Fp843x403%2F11898539_908552695883522_384863233250027260_n.jpg%3Foh%3D5521f9f71081f0dd308f6de8deec7708%26oe%3D5678A64A&#038;description=Breitschuh%20singt%20BREL%20%E2%80%93%20Und%20allzu%20kurz%20ist%20sch%C3%B6nsten%20Sommers%20Frist\" style=\"font-size: 0px; width:24px;height:24px;margin:0;margin-bottom:7px;margin-right:7px;\"><img loading=\"lazy\" decoding=\"async\" alt=\"pinterest\" title=\"Pin it with Pinterest\" class=\"synved-share-image synved-social-image synved-social-image-share\" width=\"24\" height=\"24\" style=\"display: inline; width:24px;height:24px; margin: 0; padding: 0; border: none; box-shadow: none;\" src=\"http:\/\/www.breitschuh-singt-brel.de\/wp-content\/plugins\/social-media-feather\/synved-social\/image\/social\/regular\/48x48\/pinterest.png\" \/><\/a><a class=\"synved-social-button synved-social-button-share synved-social-size-24 synved-social-resolution-single synved-social-provider-linkedin nolightbox\" data-provider=\"linkedin\" target=\"_blank\" rel=\"nofollow\" title=\"Share on Linkedin\" href=\"http:\/\/www.linkedin.com\/shareArticle?mini=true&#038;url=http%3A%2F%2Fwww.breitschuh-singt-brel.de%2Findex.php%3Frest_route%3D%252Fwp%252Fv2%252Fposts%252F278&#038;title=Breitschuh%20singt%20BREL%20%E2%80%93%20Und%20allzu%20kurz%20ist%20sch%C3%B6nsten%20Sommers%20Frist\" style=\"font-size: 0px; width:24px;height:24px;margin:0;margin-bottom:7px;margin-right:7px;\"><img loading=\"lazy\" decoding=\"async\" alt=\"linkedin\" title=\"Share on Linkedin\" class=\"synved-share-image synved-social-image synved-social-image-share\" width=\"24\" height=\"24\" style=\"display: inline; width:24px;height:24px; margin: 0; padding: 0; border: none; box-shadow: none;\" src=\"http:\/\/www.breitschuh-singt-brel.de\/wp-content\/plugins\/social-media-feather\/synved-social\/image\/social\/regular\/48x48\/linkedin.png\" \/><\/a><a class=\"synved-social-button synved-social-button-share synved-social-size-24 synved-social-resolution-single synved-social-provider-mail nolightbox\" data-provider=\"mail\" rel=\"nofollow\" title=\"Share by email\" href=\"mailto:?subject=Breitschuh%20singt%20BREL%20%E2%80%93%20Und%20allzu%20kurz%20ist%20sch%C3%B6nsten%20Sommers%20Frist&#038;body=Hey%20check%20this%20out:%20http%3A%2F%2Fwww.breitschuh-singt-brel.de%2Findex.php%3Frest_route%3D%252Fwp%252Fv2%252Fposts%252F278\" style=\"font-size: 0px; width:24px;height:24px;margin:0;margin-bottom:7px;\"><img loading=\"lazy\" decoding=\"async\" alt=\"mail\" title=\"Share by email\" class=\"synved-share-image synved-social-image synved-social-image-share\" width=\"24\" height=\"24\" style=\"display: inline; width:24px;height:24px; margin: 0; padding: 0; border: none; box-shadow: none;\" src=\"http:\/\/www.breitschuh-singt-brel.de\/wp-content\/plugins\/social-media-feather\/synved-social\/image\/social\/regular\/48x48\/mail.png\" \/><\/a>","protected":false},"excerpt":{"rendered":"<p>Am letzten Wochenende im August, noch benommen von den Ausschweifungen der munteren Ferienzeit, lassen wir uns umschliessen von dem fr\u00f6hlich-hedonistischen Treiben des Bernstorffstra\u00dfenfestes. Doch was ist das? Klavierkl\u00e4nge schwirren durch die Sommerluft, und eine Stimme erhebt sich, uns zu erinnern, dass Hitze und K\u00e4lte, Werden und Vergehen, Lachen und Weinen oft n\u00e4her bei einander liegen, [&hellip;]<\/p>\n","protected":false},"author":1,"featured_media":0,"comment_status":"closed","ping_status":"open","sticky":false,"template":"","format":"standard","meta":{"footnotes":""},"categories":[9,5],"tags":[],"class_list":["post-278","post","type-post","status-publish","format-standard","hentry","category-konzerte","category-neues"],"_links":{"self":[{"href":"http:\/\/www.breitschuh-singt-brel.de\/index.php?rest_route=\/wp\/v2\/posts\/278","targetHints":{"allow":["GET"]}}],"collection":[{"href":"http:\/\/www.breitschuh-singt-brel.de\/index.php?rest_route=\/wp\/v2\/posts"}],"about":[{"href":"http:\/\/www.breitschuh-singt-brel.de\/index.php?rest_route=\/wp\/v2\/types\/post"}],"author":[{"embeddable":true,"href":"http:\/\/www.breitschuh-singt-brel.de\/index.php?rest_route=\/wp\/v2\/users\/1"}],"replies":[{"embeddable":true,"href":"http:\/\/www.breitschuh-singt-brel.de\/index.php?rest_route=%2Fwp%2Fv2%2Fcomments&post=278"}],"version-history":[{"count":1,"href":"http:\/\/www.breitschuh-singt-brel.de\/index.php?rest_route=\/wp\/v2\/posts\/278\/revisions"}],"predecessor-version":[{"id":283,"href":"http:\/\/www.breitschuh-singt-brel.de\/index.php?rest_route=\/wp\/v2\/posts\/278\/revisions\/283"}],"wp:attachment":[{"href":"http:\/\/www.breitschuh-singt-brel.de\/index.php?rest_route=%2Fwp%2Fv2%2Fmedia&parent=278"}],"wp:term":[{"taxonomy":"category","embeddable":true,"href":"http:\/\/www.breitschuh-singt-brel.de\/index.php?rest_route=%2Fwp%2Fv2%2Fcategories&post=278"},{"taxonomy":"post_tag","embeddable":true,"href":"http:\/\/www.breitschuh-singt-brel.de\/index.php?rest_route=%2Fwp%2Fv2%2Ftags&post=278"}],"curies":[{"name":"wp","href":"https:\/\/api.w.org\/{rel}","templated":true}]}}