{"id":338,"date":"2015-10-11T11:53:00","date_gmt":"2015-10-11T10:53:00","guid":{"rendered":"http:\/\/www.breitschuh-singt-brel.de\/?p=338"},"modified":"2015-10-11T11:56:36","modified_gmt":"2015-10-11T10:56:36","slug":"breitschuh-singt-brel-in-koln","status":"publish","type":"post","link":"http:\/\/www.breitschuh-singt-brel.de\/?p=338","title":{"rendered":"Breitschuh singt BREL &#8211; in K\u00f6ln!"},"content":{"rendered":"<p><a href=\"http:\/\/www.breitschuh-singt-brel.de\/wp-content\/uploads\/2014\/12\/galerie.jpg\"><img loading=\"lazy\" decoding=\"async\" src=\"http:\/\/www.breitschuh-singt-brel.de\/wp-content\/uploads\/2014\/12\/galerie-300x121.jpg\" alt=\"galerie\" width=\"300\" height=\"121\" class=\"alignnone size-medium wp-image-111\" srcset=\"http:\/\/www.breitschuh-singt-brel.de\/wp-content\/uploads\/2014\/12\/galerie-300x121.jpg 300w, http:\/\/www.breitschuh-singt-brel.de\/wp-content\/uploads\/2014\/12\/galerie-1024x416.jpg 1024w, http:\/\/www.breitschuh-singt-brel.de\/wp-content\/uploads\/2014\/12\/galerie.jpg 1740w\" sizes=\"auto, (max-width: 300px) 100vw, 300px\" \/><\/a><\/p>\n<p>Jawohl, auch in K\u00f6ln sind Brels Chansons in feinstem Deutsch zu erleben. Am Freitag, dem 23. Oktober  um 20.00 Uhr <a href=\"http:\/\/www.lichtung.ws\/\" target=\"_blank\">Kulturcaf\u00e9 Lichtung<\/a> haut Baker zu Breitschuhs Krakeel in die Tasten, dass es scheppert im Domgeb\u00e4lk.<br \/>\nAlle weiteren Tourtermine auf unserer <a href=\"http:\/\/www.breitschuh-singt-brel.de\/?page_id=152\" target=\"_blank\">Terminseite<\/a>!<\/p>\n<p><a href='https:\/\/www.facebook.com\/events\/894820903935446\/'>Breitschuh singt BREL<\/a>.<\/p>\n<a class=\"synved-social-button synved-social-button-share synved-social-size-24 synved-social-resolution-single synved-social-provider-facebook nolightbox\" data-provider=\"facebook\" target=\"_blank\" rel=\"nofollow\" title=\"Share on Facebook\" href=\"http:\/\/www.facebook.com\/sharer.php?u=http%3A%2F%2Fwww.breitschuh-singt-brel.de%2Findex.php%3Frest_route%3D%252Fwp%252Fv2%252Fposts%252F338&#038;t=Breitschuh%20singt%20BREL%20%E2%80%93%20in%20K%C3%B6ln%21&#038;s=100&#038;p&#091;url&#093;=http%3A%2F%2Fwww.breitschuh-singt-brel.de%2Findex.php%3Frest_route%3D%252Fwp%252Fv2%252Fposts%252F338&#038;p&#091;images&#093;&#091;0&#093;=http%3A%2F%2Fwww.breitschuh-singt-brel.de%2Fwp-content%2Fuploads%2F2014%2F12%2Fgalerie-300x121.jpg&#038;p&#091;title&#093;=Breitschuh%20singt%20BREL%20%E2%80%93%20in%20K%C3%B6ln%21\" style=\"font-size: 0px; width:24px;height:24px;margin:0;margin-bottom:7px;margin-right:7px;\"><img loading=\"lazy\" decoding=\"async\" alt=\"Facebook\" title=\"Share on Facebook\" class=\"synved-share-image synved-social-image synved-social-image-share\" width=\"24\" height=\"24\" style=\"display: inline; width:24px;height:24px; margin: 0; padding: 0; border: none; box-shadow: none;\" src=\"http:\/\/www.breitschuh-singt-brel.de\/wp-content\/plugins\/social-media-feather\/synved-social\/image\/social\/regular\/48x48\/facebook.png\" \/><\/a><a class=\"synved-social-button synved-social-button-share synved-social-size-24 synved-social-resolution-single synved-social-provider-twitter nolightbox\" data-provider=\"twitter\" target=\"_blank\" rel=\"nofollow\" title=\"Share on Twitter\" href=\"https:\/\/twitter.com\/intent\/tweet?url=http%3A%2F%2Fwww.breitschuh-singt-brel.de%2Findex.php%3Frest_route%3D%252Fwp%252Fv2%252Fposts%252F338&#038;text=Hey%20check%20this%20out\" style=\"font-size: 0px; width:24px;height:24px;margin:0;margin-bottom:7px;margin-right:7px;\"><img loading=\"lazy\" decoding=\"async\" alt=\"twitter\" title=\"Share on Twitter\" class=\"synved-share-image synved-social-image synved-social-image-share\" width=\"24\" height=\"24\" style=\"display: inline; width:24px;height:24px; margin: 0; padding: 0; border: none; box-shadow: none;\" src=\"http:\/\/www.breitschuh-singt-brel.de\/wp-content\/plugins\/social-media-feather\/synved-social\/image\/social\/regular\/48x48\/twitter.png\" \/><\/a><a class=\"synved-social-button synved-social-button-share synved-social-size-24 synved-social-resolution-single synved-social-provider-reddit nolightbox\" data-provider=\"reddit\" target=\"_blank\" rel=\"nofollow\" title=\"Share on Reddit\" href=\"http:\/\/www.reddit.com\/submit?url=http%3A%2F%2Fwww.breitschuh-singt-brel.de%2Findex.php%3Frest_route%3D%252Fwp%252Fv2%252Fposts%252F338&#038;title=Breitschuh%20singt%20BREL%20%E2%80%93%20in%20K%C3%B6ln%21\" style=\"font-size: 0px; width:24px;height:24px;margin:0;margin-bottom:7px;margin-right:7px;\"><img loading=\"lazy\" decoding=\"async\" alt=\"reddit\" title=\"Share on Reddit\" class=\"synved-share-image synved-social-image synved-social-image-share\" width=\"24\" height=\"24\" style=\"display: inline; width:24px;height:24px; margin: 0; padding: 0; border: none; box-shadow: none;\" src=\"http:\/\/www.breitschuh-singt-brel.de\/wp-content\/plugins\/social-media-feather\/synved-social\/image\/social\/regular\/48x48\/reddit.png\" \/><\/a><a class=\"synved-social-button synved-social-button-share synved-social-size-24 synved-social-resolution-single synved-social-provider-pinterest nolightbox\" data-provider=\"pinterest\" target=\"_blank\" rel=\"nofollow\" title=\"Pin it with Pinterest\" href=\"http:\/\/pinterest.com\/pin\/create\/button\/?url=http%3A%2F%2Fwww.breitschuh-singt-brel.de%2Findex.php%3Frest_route%3D%252Fwp%252Fv2%252Fposts%252F338&#038;media=http%3A%2F%2Fwww.breitschuh-singt-brel.de%2Fwp-content%2Fuploads%2F2014%2F12%2Fgalerie-300x121.jpg&#038;description=Breitschuh%20singt%20BREL%20%E2%80%93%20in%20K%C3%B6ln%21\" style=\"font-size: 0px; width:24px;height:24px;margin:0;margin-bottom:7px;margin-right:7px;\"><img loading=\"lazy\" decoding=\"async\" alt=\"pinterest\" title=\"Pin it with Pinterest\" class=\"synved-share-image synved-social-image synved-social-image-share\" width=\"24\" height=\"24\" style=\"display: inline; width:24px;height:24px; margin: 0; padding: 0; border: none; box-shadow: none;\" src=\"http:\/\/www.breitschuh-singt-brel.de\/wp-content\/plugins\/social-media-feather\/synved-social\/image\/social\/regular\/48x48\/pinterest.png\" \/><\/a><a class=\"synved-social-button synved-social-button-share synved-social-size-24 synved-social-resolution-single synved-social-provider-linkedin nolightbox\" data-provider=\"linkedin\" target=\"_blank\" rel=\"nofollow\" title=\"Share on Linkedin\" href=\"http:\/\/www.linkedin.com\/shareArticle?mini=true&#038;url=http%3A%2F%2Fwww.breitschuh-singt-brel.de%2Findex.php%3Frest_route%3D%252Fwp%252Fv2%252Fposts%252F338&#038;title=Breitschuh%20singt%20BREL%20%E2%80%93%20in%20K%C3%B6ln%21\" style=\"font-size: 0px; width:24px;height:24px;margin:0;margin-bottom:7px;margin-right:7px;\"><img loading=\"lazy\" decoding=\"async\" alt=\"linkedin\" title=\"Share on Linkedin\" class=\"synved-share-image synved-social-image synved-social-image-share\" width=\"24\" height=\"24\" style=\"display: inline; width:24px;height:24px; margin: 0; padding: 0; border: none; box-shadow: none;\" src=\"http:\/\/www.breitschuh-singt-brel.de\/wp-content\/plugins\/social-media-feather\/synved-social\/image\/social\/regular\/48x48\/linkedin.png\" \/><\/a><a class=\"synved-social-button synved-social-button-share synved-social-size-24 synved-social-resolution-single synved-social-provider-mail nolightbox\" data-provider=\"mail\" rel=\"nofollow\" title=\"Share by email\" href=\"mailto:?subject=Breitschuh%20singt%20BREL%20%E2%80%93%20in%20K%C3%B6ln%21&#038;body=Hey%20check%20this%20out:%20http%3A%2F%2Fwww.breitschuh-singt-brel.de%2Findex.php%3Frest_route%3D%252Fwp%252Fv2%252Fposts%252F338\" style=\"font-size: 0px; width:24px;height:24px;margin:0;margin-bottom:7px;\"><img loading=\"lazy\" decoding=\"async\" alt=\"mail\" title=\"Share by email\" class=\"synved-share-image synved-social-image synved-social-image-share\" width=\"24\" height=\"24\" style=\"display: inline; width:24px;height:24px; margin: 0; padding: 0; border: none; box-shadow: none;\" src=\"http:\/\/www.breitschuh-singt-brel.de\/wp-content\/plugins\/social-media-feather\/synved-social\/image\/social\/regular\/48x48\/mail.png\" \/><\/a>","protected":false},"excerpt":{"rendered":"<p>Jawohl, auch in K\u00f6ln sind Brels Chansons in feinstem Deutsch zu erleben. Am Freitag, dem 23. Oktober um 20.00 Uhr Kulturcaf\u00e9 Lichtung haut Baker zu Breitschuhs Krakeel in die Tasten, dass es scheppert im Domgeb\u00e4lk. Alle weiteren Tourtermine auf unserer Terminseite! Breitschuh singt BREL.<\/p>\n","protected":false},"author":1,"featured_media":0,"comment_status":"closed","ping_status":"open","sticky":false,"template":"","format":"standard","meta":{"footnotes":""},"categories":[9,5],"tags":[],"class_list":["post-338","post","type-post","status-publish","format-standard","hentry","category-konzerte","category-neues"],"_links":{"self":[{"href":"http:\/\/www.breitschuh-singt-brel.de\/index.php?rest_route=\/wp\/v2\/posts\/338","targetHints":{"allow":["GET"]}}],"collection":[{"href":"http:\/\/www.breitschuh-singt-brel.de\/index.php?rest_route=\/wp\/v2\/posts"}],"about":[{"href":"http:\/\/www.breitschuh-singt-brel.de\/index.php?rest_route=\/wp\/v2\/types\/post"}],"author":[{"embeddable":true,"href":"http:\/\/www.breitschuh-singt-brel.de\/index.php?rest_route=\/wp\/v2\/users\/1"}],"replies":[{"embeddable":true,"href":"http:\/\/www.breitschuh-singt-brel.de\/index.php?rest_route=%2Fwp%2Fv2%2Fcomments&post=338"}],"version-history":[{"count":2,"href":"http:\/\/www.breitschuh-singt-brel.de\/index.php?rest_route=\/wp\/v2\/posts\/338\/revisions"}],"predecessor-version":[{"id":347,"href":"http:\/\/www.breitschuh-singt-brel.de\/index.php?rest_route=\/wp\/v2\/posts\/338\/revisions\/347"}],"wp:attachment":[{"href":"http:\/\/www.breitschuh-singt-brel.de\/index.php?rest_route=%2Fwp%2Fv2%2Fmedia&parent=338"}],"wp:term":[{"taxonomy":"category","embeddable":true,"href":"http:\/\/www.breitschuh-singt-brel.de\/index.php?rest_route=%2Fwp%2Fv2%2Fcategories&post=338"},{"taxonomy":"post_tag","embeddable":true,"href":"http:\/\/www.breitschuh-singt-brel.de\/index.php?rest_route=%2Fwp%2Fv2%2Ftags&post=338"}],"curies":[{"name":"wp","href":"https:\/\/api.w.org\/{rel}","templated":true}]}}