{"id":965,"date":"2017-09-18T14:51:43","date_gmt":"2017-09-18T13:51:43","guid":{"rendered":"http:\/\/www.breitschuh-singt-brel.de\/?p=965"},"modified":"2017-09-18T14:55:41","modified_gmt":"2017-09-18T13:55:41","slug":"unterwegs-mit-breitschuh-singt-brel","status":"publish","type":"post","link":"http:\/\/www.breitschuh-singt-brel.de\/?p=965","title":{"rendered":"Unterwegs mit Breitschuh singt BREL"},"content":{"rendered":"<p>Liebe Freundinnen und Freunde des gepflegten Chansons,<\/p>\n<p>hier im Hauptquartier von Breitschuh singt BREL l\u00e4uft die Planung unserer Herbstkonzerte auf Hochtouren.<\/p>\n<p><a href=\"http:\/\/www.breitschuh-singt-brel.de\/wp-content\/uploads\/2017\/09\/wandsbek1702.jpg\"><img loading=\"lazy\" decoding=\"async\" src=\"http:\/\/www.breitschuh-singt-brel.de\/wp-content\/uploads\/2017\/09\/wandsbek1702-600x450.jpg\" alt=\"wandsbek1702\" width=\"600\" height=\"450\" class=\"alignnone size-medium wp-image-966\" srcset=\"http:\/\/www.breitschuh-singt-brel.de\/wp-content\/uploads\/2017\/09\/wandsbek1702-600x450.jpg 600w, http:\/\/www.breitschuh-singt-brel.de\/wp-content\/uploads\/2017\/09\/wandsbek1702.jpg 960w\" sizes=\"auto, (max-width: 600px) 100vw, 600px\" \/><\/a><br \/>\n<em>Foto: Greg Baker<\/em><\/p>\n<p>Waren wir in den letzten Jahren meist zehn Tage ununterbrochen\u00a0auf Achse, st\u00fcckelt\u00a0sich die Tournee\u00a0in diesem Herbst\u00a0etwas. Nichtsdestotrotz gelingt es uns, auch 2017 ordentlich in der Republik rum zu kommen. Und in vielen\u00a0von uns bis dato unbespielten Theatern zu gastieren, was der Erweiterung unseres Publikums zu Gute kommt.<\/p>\n<p>Am <strong>22. September<\/strong>, dem kommenden Freitag, bespielen wir zun\u00e4chst das Kulturhaus Eppendorf im heimischen Hamburg.<br \/>\nAm Donnerstag, dem\u00a0<strong>28. September<\/strong>, werden wir erstmals im Zimmer 16 in Berlin-Pankow zu Gast sein.<br \/>\nAm Sonnabend, dem\u00a0<strong>30. September<\/strong>, ankern wir im Spieker Eckernf\u00f6rde.<\/p>\n<p>Am Sonnabend, dem <strong>14. Oktober<\/strong>, geben wir unsere Premiere im Kulturkaffee Rautenkranz in Hannover-Isernhagen.<br \/>\nDas Wochenende darauf verbringen wir in S\u00fcdhessen, wo wir am Sonnabend, dem <strong>21. Oktober<\/strong>, zum zweiten Mal im\u00a0HOFfart Theater in Darmstadt spielen d\u00fcrfen, bevor wir am Sonntag, dem <strong>22. Oktober<\/strong>, in der denkbar in Frankfurt am Main gastieren.<br \/>\nMittwoch, der <strong>25. Oktober<\/strong> findet uns im Kurgartensaal in Wyk auf F\u00f6hr. Am Sonnabend, den <strong>28.Oktober<\/strong>, schlie\u00dflich geh\u00f6rt uns die B\u00fchne der EigenArt in Visselh\u00f6vede.<\/p>\n<p><a href=\"http:\/\/www.breitschuh-singt-brel.de\/wp-content\/uploads\/2017\/06\/kuk01.jpg\"><img loading=\"lazy\" decoding=\"async\" src=\"http:\/\/www.breitschuh-singt-brel.de\/wp-content\/uploads\/2017\/06\/kuk01-600x450.jpg\" alt=\"kuk01\" width=\"600\" height=\"450\" class=\"alignnone size-medium wp-image-913\" srcset=\"http:\/\/www.breitschuh-singt-brel.de\/wp-content\/uploads\/2017\/06\/kuk01-600x450.jpg 600w, http:\/\/www.breitschuh-singt-brel.de\/wp-content\/uploads\/2017\/06\/kuk01-1024x768.jpg 1024w, http:\/\/www.breitschuh-singt-brel.de\/wp-content\/uploads\/2017\/06\/kuk01.jpg 2048w\" sizes=\"auto, (max-width: 600px) 100vw, 600px\" \/><\/a><br \/>\n<em>Foto: Olaf Staron<\/em><\/p>\n<p>F\u00fcr November und Dezember sind Termine im Gespr\u00e4ch. Mehr dazu\u00a0wie immer auf unserer <a href=\"http:\/\/www.breitschuh-singt-brel.de\/?page_id=152\" target=\"_blank\">Terminseite<\/a>.<\/p>\n<p>Soviel f\u00fcr heute aus dem Hauptquartier. Wir w\u00fcnschen einen goldenen\u00a0Herbstanfang und hoffen, Euch alle da drau\u00dfen zu sehen!<\/p>\n<p>Tausend Dank, alles erdenklich Gute, und bis bald,<br \/>\nEckart Breitschuh<br \/>\nGreg Baker<\/p>\n<a class=\"synved-social-button synved-social-button-share synved-social-size-24 synved-social-resolution-single synved-social-provider-facebook nolightbox\" data-provider=\"facebook\" target=\"_blank\" rel=\"nofollow\" title=\"Share on Facebook\" href=\"http:\/\/www.facebook.com\/sharer.php?u=http%3A%2F%2Fwww.breitschuh-singt-brel.de%2Findex.php%3Frest_route%3D%252Fwp%252Fv2%252Fposts%252F965&#038;t=Unterwegs%20mit%20Breitschuh%20singt%20BREL&#038;s=100&#038;p&#091;url&#093;=http%3A%2F%2Fwww.breitschuh-singt-brel.de%2Findex.php%3Frest_route%3D%252Fwp%252Fv2%252Fposts%252F965&#038;p&#091;images&#093;&#091;0&#093;=http%3A%2F%2Fwww.breitschuh-singt-brel.de%2Fwp-content%2Fuploads%2F2017%2F09%2Fwandsbek1702-600x450.jpg&#038;p&#091;title&#093;=Unterwegs%20mit%20Breitschuh%20singt%20BREL\" style=\"font-size: 0px; width:24px;height:24px;margin:0;margin-bottom:7px;margin-right:7px;\"><img loading=\"lazy\" decoding=\"async\" alt=\"Facebook\" title=\"Share on Facebook\" class=\"synved-share-image synved-social-image synved-social-image-share\" width=\"24\" height=\"24\" style=\"display: inline; width:24px;height:24px; margin: 0; padding: 0; border: none; box-shadow: none;\" src=\"http:\/\/www.breitschuh-singt-brel.de\/wp-content\/plugins\/social-media-feather\/synved-social\/image\/social\/regular\/48x48\/facebook.png\" \/><\/a><a class=\"synved-social-button synved-social-button-share synved-social-size-24 synved-social-resolution-single synved-social-provider-twitter nolightbox\" data-provider=\"twitter\" target=\"_blank\" rel=\"nofollow\" title=\"Share on Twitter\" href=\"https:\/\/twitter.com\/intent\/tweet?url=http%3A%2F%2Fwww.breitschuh-singt-brel.de%2Findex.php%3Frest_route%3D%252Fwp%252Fv2%252Fposts%252F965&#038;text=Hey%20check%20this%20out\" style=\"font-size: 0px; width:24px;height:24px;margin:0;margin-bottom:7px;margin-right:7px;\"><img loading=\"lazy\" decoding=\"async\" alt=\"twitter\" title=\"Share on Twitter\" class=\"synved-share-image synved-social-image synved-social-image-share\" width=\"24\" height=\"24\" style=\"display: inline; width:24px;height:24px; margin: 0; padding: 0; border: none; box-shadow: none;\" src=\"http:\/\/www.breitschuh-singt-brel.de\/wp-content\/plugins\/social-media-feather\/synved-social\/image\/social\/regular\/48x48\/twitter.png\" \/><\/a><a class=\"synved-social-button synved-social-button-share synved-social-size-24 synved-social-resolution-single synved-social-provider-reddit nolightbox\" data-provider=\"reddit\" target=\"_blank\" rel=\"nofollow\" title=\"Share on Reddit\" href=\"http:\/\/www.reddit.com\/submit?url=http%3A%2F%2Fwww.breitschuh-singt-brel.de%2Findex.php%3Frest_route%3D%252Fwp%252Fv2%252Fposts%252F965&#038;title=Unterwegs%20mit%20Breitschuh%20singt%20BREL\" style=\"font-size: 0px; width:24px;height:24px;margin:0;margin-bottom:7px;margin-right:7px;\"><img loading=\"lazy\" decoding=\"async\" alt=\"reddit\" title=\"Share on Reddit\" class=\"synved-share-image synved-social-image synved-social-image-share\" width=\"24\" height=\"24\" style=\"display: inline; width:24px;height:24px; margin: 0; padding: 0; border: none; box-shadow: none;\" src=\"http:\/\/www.breitschuh-singt-brel.de\/wp-content\/plugins\/social-media-feather\/synved-social\/image\/social\/regular\/48x48\/reddit.png\" \/><\/a><a class=\"synved-social-button synved-social-button-share synved-social-size-24 synved-social-resolution-single synved-social-provider-pinterest nolightbox\" data-provider=\"pinterest\" target=\"_blank\" rel=\"nofollow\" title=\"Pin it with Pinterest\" href=\"http:\/\/pinterest.com\/pin\/create\/button\/?url=http%3A%2F%2Fwww.breitschuh-singt-brel.de%2Findex.php%3Frest_route%3D%252Fwp%252Fv2%252Fposts%252F965&#038;media=http%3A%2F%2Fwww.breitschuh-singt-brel.de%2Fwp-content%2Fuploads%2F2017%2F09%2Fwandsbek1702-600x450.jpg&#038;description=Unterwegs%20mit%20Breitschuh%20singt%20BREL\" style=\"font-size: 0px; width:24px;height:24px;margin:0;margin-bottom:7px;margin-right:7px;\"><img loading=\"lazy\" decoding=\"async\" alt=\"pinterest\" title=\"Pin it with Pinterest\" class=\"synved-share-image synved-social-image synved-social-image-share\" width=\"24\" height=\"24\" style=\"display: inline; width:24px;height:24px; margin: 0; padding: 0; border: none; box-shadow: none;\" src=\"http:\/\/www.breitschuh-singt-brel.de\/wp-content\/plugins\/social-media-feather\/synved-social\/image\/social\/regular\/48x48\/pinterest.png\" \/><\/a><a class=\"synved-social-button synved-social-button-share synved-social-size-24 synved-social-resolution-single synved-social-provider-linkedin nolightbox\" data-provider=\"linkedin\" target=\"_blank\" rel=\"nofollow\" title=\"Share on Linkedin\" href=\"http:\/\/www.linkedin.com\/shareArticle?mini=true&#038;url=http%3A%2F%2Fwww.breitschuh-singt-brel.de%2Findex.php%3Frest_route%3D%252Fwp%252Fv2%252Fposts%252F965&#038;title=Unterwegs%20mit%20Breitschuh%20singt%20BREL\" style=\"font-size: 0px; width:24px;height:24px;margin:0;margin-bottom:7px;margin-right:7px;\"><img loading=\"lazy\" decoding=\"async\" alt=\"linkedin\" title=\"Share on Linkedin\" class=\"synved-share-image synved-social-image synved-social-image-share\" width=\"24\" height=\"24\" style=\"display: inline; width:24px;height:24px; margin: 0; padding: 0; border: none; box-shadow: none;\" src=\"http:\/\/www.breitschuh-singt-brel.de\/wp-content\/plugins\/social-media-feather\/synved-social\/image\/social\/regular\/48x48\/linkedin.png\" \/><\/a><a class=\"synved-social-button synved-social-button-share synved-social-size-24 synved-social-resolution-single synved-social-provider-mail nolightbox\" data-provider=\"mail\" rel=\"nofollow\" title=\"Share by email\" href=\"mailto:?subject=Unterwegs%20mit%20Breitschuh%20singt%20BREL&#038;body=Hey%20check%20this%20out:%20http%3A%2F%2Fwww.breitschuh-singt-brel.de%2Findex.php%3Frest_route%3D%252Fwp%252Fv2%252Fposts%252F965\" style=\"font-size: 0px; width:24px;height:24px;margin:0;margin-bottom:7px;\"><img loading=\"lazy\" decoding=\"async\" alt=\"mail\" title=\"Share by email\" class=\"synved-share-image synved-social-image synved-social-image-share\" width=\"24\" height=\"24\" style=\"display: inline; width:24px;height:24px; margin: 0; padding: 0; border: none; box-shadow: none;\" src=\"http:\/\/www.breitschuh-singt-brel.de\/wp-content\/plugins\/social-media-feather\/synved-social\/image\/social\/regular\/48x48\/mail.png\" \/><\/a>","protected":false},"excerpt":{"rendered":"<p>Liebe Freundinnen und Freunde des gepflegten Chansons, hier im Hauptquartier von Breitschuh singt BREL l\u00e4uft die Planung unserer Herbstkonzerte auf Hochtouren. Foto: Greg Baker Waren wir in den letzten Jahren meist zehn Tage ununterbrochen\u00a0auf Achse, st\u00fcckelt\u00a0sich die Tournee\u00a0in diesem Herbst\u00a0etwas. Nichtsdestotrotz gelingt es uns, auch 2017 ordentlich in der Republik rum zu kommen. Und in [&hellip;]<\/p>\n","protected":false},"author":1,"featured_media":0,"comment_status":"closed","ping_status":"open","sticky":false,"template":"","format":"standard","meta":{"footnotes":""},"categories":[5],"tags":[],"class_list":["post-965","post","type-post","status-publish","format-standard","hentry","category-neues"],"_links":{"self":[{"href":"http:\/\/www.breitschuh-singt-brel.de\/index.php?rest_route=\/wp\/v2\/posts\/965","targetHints":{"allow":["GET"]}}],"collection":[{"href":"http:\/\/www.breitschuh-singt-brel.de\/index.php?rest_route=\/wp\/v2\/posts"}],"about":[{"href":"http:\/\/www.breitschuh-singt-brel.de\/index.php?rest_route=\/wp\/v2\/types\/post"}],"author":[{"embeddable":true,"href":"http:\/\/www.breitschuh-singt-brel.de\/index.php?rest_route=\/wp\/v2\/users\/1"}],"replies":[{"embeddable":true,"href":"http:\/\/www.breitschuh-singt-brel.de\/index.php?rest_route=%2Fwp%2Fv2%2Fcomments&post=965"}],"version-history":[{"count":3,"href":"http:\/\/www.breitschuh-singt-brel.de\/index.php?rest_route=\/wp\/v2\/posts\/965\/revisions"}],"predecessor-version":[{"id":969,"href":"http:\/\/www.breitschuh-singt-brel.de\/index.php?rest_route=\/wp\/v2\/posts\/965\/revisions\/969"}],"wp:attachment":[{"href":"http:\/\/www.breitschuh-singt-brel.de\/index.php?rest_route=%2Fwp%2Fv2%2Fmedia&parent=965"}],"wp:term":[{"taxonomy":"category","embeddable":true,"href":"http:\/\/www.breitschuh-singt-brel.de\/index.php?rest_route=%2Fwp%2Fv2%2Fcategories&post=965"},{"taxonomy":"post_tag","embeddable":true,"href":"http:\/\/www.breitschuh-singt-brel.de\/index.php?rest_route=%2Fwp%2Fv2%2Ftags&post=965"}],"curies":[{"name":"wp","href":"https:\/\/api.w.org\/{rel}","templated":true}]}}