{"id":977,"date":"2017-10-03T14:47:11","date_gmt":"2017-10-03T13:47:11","guid":{"rendered":"http:\/\/www.breitschuh-singt-brel.de\/?p=977"},"modified":"2017-10-03T14:47:11","modified_gmt":"2017-10-03T13:47:11","slug":"breitschuh-singt-brel-im-rautenkranz","status":"publish","type":"post","link":"http:\/\/www.breitschuh-singt-brel.de\/?p=977","title":{"rendered":"Breitschuh singt BREL im Rautenkranz!"},"content":{"rendered":"<p>Samstag, 14. Oktober 2017, 20.00 Uhr<br \/>\nKulturkaffee Rautenkranz, Hauptstra\u00dfe 68, 30916 Isernhagen<\/p>\n<p><a href=\"http:\/\/www.breitschuh-singt-brel.de\/wp-content\/uploads\/2017\/10\/screen16.jpg\"><img loading=\"lazy\" decoding=\"async\" src=\"http:\/\/www.breitschuh-singt-brel.de\/wp-content\/uploads\/2017\/10\/screen16-600x290.jpg\" alt=\"screen16\" width=\"600\" height=\"290\" class=\"alignnone size-medium wp-image-978\" srcset=\"http:\/\/www.breitschuh-singt-brel.de\/wp-content\/uploads\/2017\/10\/screen16-600x290.jpg 600w, http:\/\/www.breitschuh-singt-brel.de\/wp-content\/uploads\/2017\/10\/screen16-1024x495.jpg 1024w, http:\/\/www.breitschuh-singt-brel.de\/wp-content\/uploads\/2017\/10\/screen16.jpg 1858w\" sizes=\"auto, (max-width: 600px) 100vw, 600px\" \/><\/a><\/p>\n<p>Im KulturKaffee Rautenkranz im sch\u00f6nen Isernhagen erklingen am Sonnabend, dem 14. Oktober, franz\u00f6sische Chansons in feinstem Deutsch, von rotzfrech bis zum Heulen sch\u00f6n. Denn Breitschuh und Baker sind da und pr\u00e4sentieren Jacques Brels Emotionsgranaten in unvergleichlicher Intensit\u00e4t.<br \/>\n\u201cGenial, hinrei\u00dfend, kom\u00f6diantisch \u2013 bisweilen auch perfide\u201d<br \/>\nNienburger Zeitung<\/p>\n<a class=\"synved-social-button synved-social-button-share synved-social-size-24 synved-social-resolution-single synved-social-provider-facebook nolightbox\" data-provider=\"facebook\" target=\"_blank\" rel=\"nofollow\" title=\"Share on Facebook\" href=\"http:\/\/www.facebook.com\/sharer.php?u=http%3A%2F%2Fwww.breitschuh-singt-brel.de%2Findex.php%3Frest_route%3D%252Fwp%252Fv2%252Fposts%252F977&#038;t=Breitschuh%20singt%20BREL%20im%20Rautenkranz%21&#038;s=100&#038;p&#091;url&#093;=http%3A%2F%2Fwww.breitschuh-singt-brel.de%2Findex.php%3Frest_route%3D%252Fwp%252Fv2%252Fposts%252F977&#038;p&#091;images&#093;&#091;0&#093;=http%3A%2F%2Fwww.breitschuh-singt-brel.de%2Fwp-content%2Fuploads%2F2017%2F10%2Fscreen16-600x290.jpg&#038;p&#091;title&#093;=Breitschuh%20singt%20BREL%20im%20Rautenkranz%21\" style=\"font-size: 0px; width:24px;height:24px;margin:0;margin-bottom:7px;margin-right:7px;\"><img loading=\"lazy\" decoding=\"async\" alt=\"Facebook\" title=\"Share on Facebook\" class=\"synved-share-image synved-social-image synved-social-image-share\" width=\"24\" height=\"24\" style=\"display: inline; width:24px;height:24px; margin: 0; padding: 0; border: none; box-shadow: none;\" src=\"http:\/\/www.breitschuh-singt-brel.de\/wp-content\/plugins\/social-media-feather\/synved-social\/image\/social\/regular\/48x48\/facebook.png\" \/><\/a><a class=\"synved-social-button synved-social-button-share synved-social-size-24 synved-social-resolution-single synved-social-provider-twitter nolightbox\" data-provider=\"twitter\" target=\"_blank\" rel=\"nofollow\" title=\"Share on Twitter\" href=\"https:\/\/twitter.com\/intent\/tweet?url=http%3A%2F%2Fwww.breitschuh-singt-brel.de%2Findex.php%3Frest_route%3D%252Fwp%252Fv2%252Fposts%252F977&#038;text=Hey%20check%20this%20out\" style=\"font-size: 0px; width:24px;height:24px;margin:0;margin-bottom:7px;margin-right:7px;\"><img loading=\"lazy\" decoding=\"async\" alt=\"twitter\" title=\"Share on Twitter\" class=\"synved-share-image synved-social-image synved-social-image-share\" width=\"24\" height=\"24\" style=\"display: inline; width:24px;height:24px; margin: 0; padding: 0; border: none; box-shadow: none;\" src=\"http:\/\/www.breitschuh-singt-brel.de\/wp-content\/plugins\/social-media-feather\/synved-social\/image\/social\/regular\/48x48\/twitter.png\" \/><\/a><a class=\"synved-social-button synved-social-button-share synved-social-size-24 synved-social-resolution-single synved-social-provider-reddit nolightbox\" data-provider=\"reddit\" target=\"_blank\" rel=\"nofollow\" title=\"Share on Reddit\" href=\"http:\/\/www.reddit.com\/submit?url=http%3A%2F%2Fwww.breitschuh-singt-brel.de%2Findex.php%3Frest_route%3D%252Fwp%252Fv2%252Fposts%252F977&#038;title=Breitschuh%20singt%20BREL%20im%20Rautenkranz%21\" style=\"font-size: 0px; width:24px;height:24px;margin:0;margin-bottom:7px;margin-right:7px;\"><img loading=\"lazy\" decoding=\"async\" alt=\"reddit\" title=\"Share on Reddit\" class=\"synved-share-image synved-social-image synved-social-image-share\" width=\"24\" height=\"24\" style=\"display: inline; width:24px;height:24px; margin: 0; padding: 0; border: none; box-shadow: none;\" src=\"http:\/\/www.breitschuh-singt-brel.de\/wp-content\/plugins\/social-media-feather\/synved-social\/image\/social\/regular\/48x48\/reddit.png\" \/><\/a><a class=\"synved-social-button synved-social-button-share synved-social-size-24 synved-social-resolution-single synved-social-provider-pinterest nolightbox\" data-provider=\"pinterest\" target=\"_blank\" rel=\"nofollow\" title=\"Pin it with Pinterest\" href=\"http:\/\/pinterest.com\/pin\/create\/button\/?url=http%3A%2F%2Fwww.breitschuh-singt-brel.de%2Findex.php%3Frest_route%3D%252Fwp%252Fv2%252Fposts%252F977&#038;media=http%3A%2F%2Fwww.breitschuh-singt-brel.de%2Fwp-content%2Fuploads%2F2017%2F10%2Fscreen16-600x290.jpg&#038;description=Breitschuh%20singt%20BREL%20im%20Rautenkranz%21\" style=\"font-size: 0px; width:24px;height:24px;margin:0;margin-bottom:7px;margin-right:7px;\"><img loading=\"lazy\" decoding=\"async\" alt=\"pinterest\" title=\"Pin it with Pinterest\" class=\"synved-share-image synved-social-image synved-social-image-share\" width=\"24\" height=\"24\" style=\"display: inline; width:24px;height:24px; margin: 0; padding: 0; border: none; box-shadow: none;\" src=\"http:\/\/www.breitschuh-singt-brel.de\/wp-content\/plugins\/social-media-feather\/synved-social\/image\/social\/regular\/48x48\/pinterest.png\" \/><\/a><a class=\"synved-social-button synved-social-button-share synved-social-size-24 synved-social-resolution-single synved-social-provider-linkedin nolightbox\" data-provider=\"linkedin\" target=\"_blank\" rel=\"nofollow\" title=\"Share on Linkedin\" href=\"http:\/\/www.linkedin.com\/shareArticle?mini=true&#038;url=http%3A%2F%2Fwww.breitschuh-singt-brel.de%2Findex.php%3Frest_route%3D%252Fwp%252Fv2%252Fposts%252F977&#038;title=Breitschuh%20singt%20BREL%20im%20Rautenkranz%21\" style=\"font-size: 0px; width:24px;height:24px;margin:0;margin-bottom:7px;margin-right:7px;\"><img loading=\"lazy\" decoding=\"async\" alt=\"linkedin\" title=\"Share on Linkedin\" class=\"synved-share-image synved-social-image synved-social-image-share\" width=\"24\" height=\"24\" style=\"display: inline; width:24px;height:24px; margin: 0; padding: 0; border: none; box-shadow: none;\" src=\"http:\/\/www.breitschuh-singt-brel.de\/wp-content\/plugins\/social-media-feather\/synved-social\/image\/social\/regular\/48x48\/linkedin.png\" \/><\/a><a class=\"synved-social-button synved-social-button-share synved-social-size-24 synved-social-resolution-single synved-social-provider-mail nolightbox\" data-provider=\"mail\" rel=\"nofollow\" title=\"Share by email\" href=\"mailto:?subject=Breitschuh%20singt%20BREL%20im%20Rautenkranz%21&#038;body=Hey%20check%20this%20out:%20http%3A%2F%2Fwww.breitschuh-singt-brel.de%2Findex.php%3Frest_route%3D%252Fwp%252Fv2%252Fposts%252F977\" style=\"font-size: 0px; width:24px;height:24px;margin:0;margin-bottom:7px;\"><img loading=\"lazy\" decoding=\"async\" alt=\"mail\" title=\"Share by email\" class=\"synved-share-image synved-social-image synved-social-image-share\" width=\"24\" height=\"24\" style=\"display: inline; width:24px;height:24px; margin: 0; padding: 0; border: none; box-shadow: none;\" src=\"http:\/\/www.breitschuh-singt-brel.de\/wp-content\/plugins\/social-media-feather\/synved-social\/image\/social\/regular\/48x48\/mail.png\" \/><\/a>","protected":false},"excerpt":{"rendered":"<p>Samstag, 14. Oktober 2017, 20.00 Uhr Kulturkaffee Rautenkranz, Hauptstra\u00dfe 68, 30916 Isernhagen Im KulturKaffee Rautenkranz im sch\u00f6nen Isernhagen erklingen am Sonnabend, dem 14. Oktober, franz\u00f6sische Chansons in feinstem Deutsch, von rotzfrech bis zum Heulen sch\u00f6n. Denn Breitschuh und Baker sind da und pr\u00e4sentieren Jacques Brels Emotionsgranaten in unvergleichlicher Intensit\u00e4t. \u201cGenial, hinrei\u00dfend, kom\u00f6diantisch \u2013 bisweilen auch [&hellip;]<\/p>\n","protected":false},"author":1,"featured_media":0,"comment_status":"closed","ping_status":"open","sticky":false,"template":"","format":"standard","meta":{"footnotes":""},"categories":[9,5],"tags":[],"class_list":["post-977","post","type-post","status-publish","format-standard","hentry","category-konzerte","category-neues"],"_links":{"self":[{"href":"http:\/\/www.breitschuh-singt-brel.de\/index.php?rest_route=\/wp\/v2\/posts\/977","targetHints":{"allow":["GET"]}}],"collection":[{"href":"http:\/\/www.breitschuh-singt-brel.de\/index.php?rest_route=\/wp\/v2\/posts"}],"about":[{"href":"http:\/\/www.breitschuh-singt-brel.de\/index.php?rest_route=\/wp\/v2\/types\/post"}],"author":[{"embeddable":true,"href":"http:\/\/www.breitschuh-singt-brel.de\/index.php?rest_route=\/wp\/v2\/users\/1"}],"replies":[{"embeddable":true,"href":"http:\/\/www.breitschuh-singt-brel.de\/index.php?rest_route=%2Fwp%2Fv2%2Fcomments&post=977"}],"version-history":[{"count":1,"href":"http:\/\/www.breitschuh-singt-brel.de\/index.php?rest_route=\/wp\/v2\/posts\/977\/revisions"}],"predecessor-version":[{"id":979,"href":"http:\/\/www.breitschuh-singt-brel.de\/index.php?rest_route=\/wp\/v2\/posts\/977\/revisions\/979"}],"wp:attachment":[{"href":"http:\/\/www.breitschuh-singt-brel.de\/index.php?rest_route=%2Fwp%2Fv2%2Fmedia&parent=977"}],"wp:term":[{"taxonomy":"category","embeddable":true,"href":"http:\/\/www.breitschuh-singt-brel.de\/index.php?rest_route=%2Fwp%2Fv2%2Fcategories&post=977"},{"taxonomy":"post_tag","embeddable":true,"href":"http:\/\/www.breitschuh-singt-brel.de\/index.php?rest_route=%2Fwp%2Fv2%2Ftags&post=977"}],"curies":[{"name":"wp","href":"https:\/\/api.w.org\/{rel}","templated":true}]}}